{"id":134591,"date":"2024-11-13T13:27:24","date_gmt":"2024-11-13T18:27:24","guid":{"rendered":"https:\/\/elcuartopoder.com.mx\/nw\/?p=134591"},"modified":"2024-11-13T13:27:26","modified_gmt":"2024-11-13T18:27:26","slug":"inicia-fstse-ruta-para-renovar-su-dirigencia-nacional","status":"publish","type":"post","link":"http:\/\/elcuartopoder.com.mx\/nw\/opinion\/inicia-fstse-ruta-para-renovar-su-dirigencia-nacional\/","title":{"rendered":"Inicia FSTSE ruta para renovar su dirigencia nacional"},"content":{"rendered":"\n<p><em>Ciudad de M\u00e9xico.<\/em>&nbsp;La Federaci\u00f3n de Sindicatos al Servicio de los Poderes del Estado (FSTSE) inici\u00f3 la ruta para renovar a su dirigencia nacional, que se definir\u00e1 en la plenaria de su Congreso Nacional Ordinario con el voto de los representantes de los 86 sindicatos que conforman esta agrupaci\u00f3n, integrada por trabajadores de diversas dependencias federales.&nbsp;<\/p>\n\n\n\n<p>Ser\u00e1 el 13 de diciembre cuando se tiene programada la plenaria de la FSTSE con las votaciones de los secretarios generales o presidentes de cada uno de los sindicatos, as\u00ed como tres delegados de los comit\u00e9s estatales, detall\u00f3 Joel Ayala Almeida, presidente del Comit\u00e9 Ejecutivo Nacional de la Central FSTSE.&nbsp;<\/p>\n\n\n\n<p>Consultados sobre si participar\u00e1 en el proceso interno, Ayala respondi\u00f3: \u201cMe sujeto a lo que dictamine la comisi\u00f3n nacional electoral aut\u00f3noma en el registro que se d\u00e9, ser\u00eda una irresponsabilidad de parte m\u00eda adelantarme a los hechos y a los tiempos\u201d.<\/p>\n\n\n\n<p>Momentos antes, indic\u00f3: \u201cNuestra convocatoria establece el registro de planillas. Ser\u00eda un error grave que en este momento contradiga lo referente a los plasmado en la convocatoria\u201d.&nbsp;<\/p>\n\n\n\n<p>En la convocatoria se establece que el 22 de noviembre cerrar\u00e1 el registro de planillas, y el 25 de este mes se dar\u00e1 el fallo sobre su procedencia por parte de la Comisi\u00f3n Nacional Electoral Aut\u00f3noma. Tras ellos, las planillas registradas presentar\u00e1n sus propuestas a los gremios con \u201ctrabajo pol\u00edtico\u201d durante un mes.&nbsp;<\/p>\n\n\n\n<p>La FSTSE asegur\u00f3 que cuenta con un mill\u00f3n 600 mil trabajadores afiliados a los distintos sindicatos que la conforman.&nbsp;<\/p>\n","protected":false},"excerpt":{"rendered":"<p>Ciudad de M\u00e9xico.&nbsp;La Federaci\u00f3n de Sindicatos al Servicio de los Poderes del Estado (FSTSE) inici\u00f3 la ruta para renovar a su dirigencia nacional, que se definir\u00e1 en la plenaria de su Congreso Nacional Ordinario con el voto de los representantes de los 86 sindicatos que conforman esta agrupaci\u00f3n, integrada por trabajadores de diversas dependencias federales.&nbsp; [&hellip;]<\/p>\n","protected":false},"author":2,"featured_media":134592,"comment_status":"open","ping_status":"open","sticky":false,"template":"","format":"standard","meta":{"footnotes":""},"categories":[62],"tags":[],"class_list":["post-134591","post","type-post","status-publish","format-standard","has-post-thumbnail","hentry","category-opinion"],"_links":{"self":[{"href":"http:\/\/elcuartopoder.com.mx\/nw\/wp-json\/wp\/v2\/posts\/134591","targetHints":{"allow":["GET"]}}],"collection":[{"href":"http:\/\/elcuartopoder.com.mx\/nw\/wp-json\/wp\/v2\/posts"}],"about":[{"href":"http:\/\/elcuartopoder.com.mx\/nw\/wp-json\/wp\/v2\/types\/post"}],"author":[{"embeddable":true,"href":"http:\/\/elcuartopoder.com.mx\/nw\/wp-json\/wp\/v2\/users\/2"}],"replies":[{"embeddable":true,"href":"http:\/\/elcuartopoder.com.mx\/nw\/wp-json\/wp\/v2\/comments?post=134591"}],"version-history":[{"count":1,"href":"http:\/\/elcuartopoder.com.mx\/nw\/wp-json\/wp\/v2\/posts\/134591\/revisions"}],"predecessor-version":[{"id":134593,"href":"http:\/\/elcuartopoder.com.mx\/nw\/wp-json\/wp\/v2\/posts\/134591\/revisions\/134593"}],"wp:featuredmedia":[{"embeddable":true,"href":"http:\/\/elcuartopoder.com.mx\/nw\/wp-json\/wp\/v2\/media\/134592"}],"wp:attachment":[{"href":"http:\/\/elcuartopoder.com.mx\/nw\/wp-json\/wp\/v2\/media?parent=134591"}],"wp:term":[{"taxonomy":"category","embeddable":true,"href":"http:\/\/elcuartopoder.com.mx\/nw\/wp-json\/wp\/v2\/categories?post=134591"},{"taxonomy":"post_tag","embeddable":true,"href":"http:\/\/elcuartopoder.com.mx\/nw\/wp-json\/wp\/v2\/tags?post=134591"}],"curies":[{"name":"wp","href":"https:\/\/api.w.org\/{rel}","templated":true}]}}