{"id":134603,"date":"2024-11-13T15:33:04","date_gmt":"2024-11-13T20:33:04","guid":{"rendered":"https:\/\/elcuartopoder.com.mx\/nw\/?p=134603"},"modified":"2024-11-13T15:33:06","modified_gmt":"2024-11-13T20:33:06","slug":"denzel-washington-revelo-cuales-seran-sus-ultimas-peliculas-antes-de-retirarse-de-la-actuacion","status":"publish","type":"post","link":"http:\/\/elcuartopoder.com.mx\/nw\/entretenimiento\/espectaculos\/denzel-washington-revelo-cuales-seran-sus-ultimas-peliculas-antes-de-retirarse-de-la-actuacion\/","title":{"rendered":"Denzel Washington revel\u00f3 cuales ser\u00e1n sus \u00faltimas pel\u00edculas antes de retirarse de la actuaci\u00f3n"},"content":{"rendered":"\n<p>A sus 69 a\u00f1os&nbsp;<strong>Denzel Washington<\/strong>&nbsp;se ha establecido como uno de los&nbsp;<a href=\"https:\/\/heraldodemexico.com.mx\/espectaculos\/2024\/11\/12\/eduardo-yanez-preocupa-por-su-estado-de-salud-salen-unos-videos-que-revelarian-que-sufre-una-complicada-enfermedad-653245.html\" target=\"_blank\" rel=\"noreferrer noopener\">actores&nbsp;<\/a>m\u00e1s destacados y talentosos de&nbsp;<strong>Hollywood<\/strong>, el cual ha sido galardonado en innumerables ocasiones con diversos reconocimientos, de entre los cuales puede presumir de haber obtenido dos premios&nbsp;<strong>\u00d3scar<\/strong>; uno por mejor actor de reparto en \u00ab<strong>Glory<\/strong>\u00bb 1989, y el segundo como mejor actor principal por su papel en \u00ab<strong>D\u00eda de entrenamiento<\/strong>\u00bb (2001).<\/p>\n\n\n\n<p>Esta semana llegar\u00e1 a los cines \u00ab<strong>Gladiador 2<\/strong>\u00ab, filme en donde el actor tendr\u00e1 un importante rol que ser\u00e1 clave para la construcci\u00f3n de la historia, raz\u00f3n por la que recientemente concedi\u00f3 una entrevista para el programa \u00ab<strong>Today<\/strong>\u00bb con el fin de promocionar la cinta, en donde adem\u00e1s dio detalles&nbsp;<strong>exclusivos&nbsp;<\/strong>sobre los que podr\u00edan ser sus \u00faltimos proyectos, ya que dio a conocer su intenci\u00f3n por retirarse del mundo de la actuaci\u00f3n.<\/p>\n\n\n\n<p>Seg\u00fan expres\u00f3, a\u00fan no tiene del todo claro en cu\u00e1ntas pel\u00edculas m\u00e1s participar\u00e1 antes de su retiro, aunque eso s\u00ed, habl\u00f3 sobre cu\u00e1les ser\u00e1n sus siguientes trabajos, no solo para la gran pantalla, si no tambi\u00e9n, para el teatro, pues coment\u00f3 que tiene planeado participar en la obra de Broadway \u00ab<strong>Otelo<\/strong>\u00bb del dramaturgo&nbsp;<strong>William Shakespeare<\/strong>, en la cual compartir\u00e1 el escenario junto a&nbsp;<strong>Jake Gyllenhaal<\/strong>, siendo la segunda vez que interpreta al personaje desde que ten\u00eda 22 a\u00f1os.<\/p>\n\n\n\n<h2 class=\"wp-block-heading\">Est\u00e1s ser\u00e1n algunas de las \u00faltimas pel\u00edculas de Denzel Washington antes de su retiro<\/h2>\n\n\n\n<p>Sobre sus pr\u00f3ximos proyectos en el cine, coment\u00f3 que interpretar\u00e1 a&nbsp;<strong>Hannibal&nbsp;<\/strong>en lo que parece ser una nueva cinta, adem\u00e1s de que participar\u00e1 en otro proyecto con el reconocido actor<strong>&nbsp;Steve McQueen&nbsp;<\/strong>sobre el cual no revel\u00f3 mayores detalles.<\/p>\n\n\n\n<p>Sin embargo, la mayor sorpresa la revel\u00f3 cuando declar\u00f3 que tendr\u00eda un papel en&nbsp;<strong>\u00abBlack Panther 3\u00bb<\/strong>, la tercera parte de la saga de pel\u00edculas de superh\u00e9roes del universo cinematogr\u00e1fico de&nbsp;<strong>Marvel<\/strong>, cintas que tienen un significado especial debido a la participaci\u00f3n del fallecido actor&nbsp;<strong>Chadwick Boseman<\/strong>.<\/p>\n\n\n\n<blockquote class=\"wp-block-quote is-layout-flow wp-block-quote-is-layout-flow\">\n<p>\u201cRyan Coogler est\u00e1 escribiendo un papel para m\u00ed en el pr\u00f3ximo Black Panther\u201d, as\u00ed revel\u00f3 Denzel Washington su presencia en \u00abBlack Panther 3\u00bb.<\/p>\n<\/blockquote>\n\n\n\n<p>Hasta el momento se desconoce qu\u00e9 rol podr\u00eda tener&nbsp;<strong>Denzel Washington<\/strong>&nbsp;en la pel\u00edcula, sin embargo, se espera que poco a poco se vayan revelando m\u00e1s detalles pues a\u00fan es muy pronto ya que el filme se estrenar\u00e1 en el lejano 2026.<\/p>\n\n\n\n<figure class=\"wp-block-image\"><img decoding=\"async\" src=\"https:\/\/heraldodemexico.com.mx\/u\/fotografias\/m\/2024\/11\/12\/f768x1-1040994_1041121_5050.jpg\" alt=\"\"\/><figcaption class=\"wp-element-caption\">Chadwick Boseman es recordado por su participaci\u00f3n en Black Panther<br>Foto: Instagram\/chadwickboseman\/ Marvel<\/figcaption><\/figure>\n","protected":false},"excerpt":{"rendered":"<p>A sus 69 a\u00f1os&nbsp;Denzel Washington&nbsp;se ha establecido como uno de los&nbsp;actores&nbsp;m\u00e1s destacados y talentosos de&nbsp;Hollywood, el cual ha sido galardonado en innumerables ocasiones con diversos reconocimientos, de entre los cuales puede presumir de haber obtenido dos premios&nbsp;\u00d3scar; uno por mejor actor de reparto en \u00abGlory\u00bb 1989, y el segundo como mejor actor principal por su [&hellip;]<\/p>\n","protected":false},"author":2,"featured_media":134604,"comment_status":"open","ping_status":"open","sticky":false,"template":"","format":"standard","meta":{"footnotes":""},"categories":[11],"tags":[],"class_list":["post-134603","post","type-post","status-publish","format-standard","has-post-thumbnail","hentry","category-espectaculos"],"_links":{"self":[{"href":"http:\/\/elcuartopoder.com.mx\/nw\/wp-json\/wp\/v2\/posts\/134603","targetHints":{"allow":["GET"]}}],"collection":[{"href":"http:\/\/elcuartopoder.com.mx\/nw\/wp-json\/wp\/v2\/posts"}],"about":[{"href":"http:\/\/elcuartopoder.com.mx\/nw\/wp-json\/wp\/v2\/types\/post"}],"author":[{"embeddable":true,"href":"http:\/\/elcuartopoder.com.mx\/nw\/wp-json\/wp\/v2\/users\/2"}],"replies":[{"embeddable":true,"href":"http:\/\/elcuartopoder.com.mx\/nw\/wp-json\/wp\/v2\/comments?post=134603"}],"version-history":[{"count":1,"href":"http:\/\/elcuartopoder.com.mx\/nw\/wp-json\/wp\/v2\/posts\/134603\/revisions"}],"predecessor-version":[{"id":134605,"href":"http:\/\/elcuartopoder.com.mx\/nw\/wp-json\/wp\/v2\/posts\/134603\/revisions\/134605"}],"wp:featuredmedia":[{"embeddable":true,"href":"http:\/\/elcuartopoder.com.mx\/nw\/wp-json\/wp\/v2\/media\/134604"}],"wp:attachment":[{"href":"http:\/\/elcuartopoder.com.mx\/nw\/wp-json\/wp\/v2\/media?parent=134603"}],"wp:term":[{"taxonomy":"category","embeddable":true,"href":"http:\/\/elcuartopoder.com.mx\/nw\/wp-json\/wp\/v2\/categories?post=134603"},{"taxonomy":"post_tag","embeddable":true,"href":"http:\/\/elcuartopoder.com.mx\/nw\/wp-json\/wp\/v2\/tags?post=134603"}],"curies":[{"name":"wp","href":"https:\/\/api.w.org\/{rel}","templated":true}]}}