{"id":134612,"date":"2024-11-13T15:38:57","date_gmt":"2024-11-13T20:38:57","guid":{"rendered":"https:\/\/elcuartopoder.com.mx\/nw\/?p=134612"},"modified":"2024-11-13T15:39:00","modified_gmt":"2024-11-13T20:39:00","slug":"checo-perez-se-queda-en-la-f1-gracias-a-esta-razon-de-peso","status":"publish","type":"post","link":"http:\/\/elcuartopoder.com.mx\/nw\/entretenimiento\/deportes\/checo-perez-se-queda-en-la-f1-gracias-a-esta-razon-de-peso\/","title":{"rendered":"Checo P\u00e9rez se queda en la F1 gracias a esta raz\u00f3n de peso"},"content":{"rendered":"\n<p><strong>Checo P\u00e9rez<\/strong>&nbsp;est\u00e1 por concluir la peor temporada que ha registrado desde que lleg\u00f3 a&nbsp;<strong>Red Bull.<\/strong>&nbsp;A pesar de los malos resultados y todos los rumores de su salida de la escuder\u00eda de la bebida energ\u00e9tica, se confirm\u00f3 que el tapat\u00edo estar\u00eda qued\u00e1ndose como el segundo piloto de los austriacos&nbsp;<strong>para el 2025,&nbsp;<\/strong>es decir, seguir\u00e1 haciendo<a href=\"https:\/\/heraldodemexico.com.mx\/deportes\/2024\/11\/5\/carlos-sainz-seria-el-verdadero-reemplazo-de-checo-perez-colapinto-se-quedaria-en-williams-651580.html\" target=\"_blank\" rel=\"noreferrer noopener\">&nbsp;equipo con Max Verstappen el pr\u00f3ximo a\u00f1o<\/a>.&nbsp;<\/p>\n\n\n\n<p>Despu\u00e9s de poner varios nombres sobre la mesa de<strong>&nbsp;Red Bull<\/strong>, el Diario Marca confirm\u00f3 que la escuder\u00eda austriaca estar\u00eda qued\u00e1ndose con&nbsp;<strong>Checo P\u00e9rez por una raz\u00f3n&nbsp;<\/strong>de mucho peso que va m\u00e1s all\u00e1 de lo deportivo. La informaci\u00f3n del medio espa\u00f1ol viene a confirmar la declaraci\u00f3n que hizo el piloto mexicano al terminar el GP de Brasil, donde expres\u00f3: \u00abMe ver\u00e1n en Las Vegas y me ver\u00e1n el a\u00f1o que viene\u00bb.<\/p>\n\n\n\n<p>El medio espa\u00f1ol asegur\u00f3 que el motivo por el que&nbsp;<strong>P\u00e9rez<\/strong>&nbsp;se mantendr\u00e1 en la Categor\u00eda Reina del Automovilismo tiene que ver con los nuevos patrocinadores que tendr\u00e1 la&nbsp;<strong>F\u00f3rmula 1&nbsp;<\/strong>para el pr\u00f3ximo a\u00f1o. Las marcas que entrar\u00edan para patrocinar la F1 est\u00e1n relacionadas&nbsp; con el tapat\u00edo, por lo que habr\u00edan presionado a los directivos para que mantengan a Checo dentro de las escuder\u00edas que est\u00e1n&nbsp;<strong>compitiendo por el t\u00edtulo Mundial.<\/strong>&nbsp;<\/p>\n\n\n\n<figure class=\"wp-block-image\"><img decoding=\"async\" src=\"https:\/\/heraldodemexico.com.mx\/u\/fotografias\/m\/2024\/11\/11\/f768x1-1040375_1040502_5050.jpg\" alt=\"\"\/><figcaption class=\"wp-element-caption\">P\u00e9rez se mantendr\u00e1 en Red Bull para el 2025 (X: schecoperez)<\/figcaption><\/figure>\n\n\n\n<h2 class=\"wp-block-heading\">Los nuevos patrocinadores de la F\u00f3rmula 1&nbsp;<\/h2>\n\n\n\n<p>El diario espa\u00f1ol asegur\u00f3 que&nbsp;la&nbsp;<strong>F\u00f3rmula 1&nbsp;<\/strong>contar\u00e1&nbsp;con apoyo por parte de algunas&nbsp;<strong>marcas procedentes de M\u00e9xico<\/strong>, para ser m\u00e1s precisos algunas de las marcas que ya est\u00e1n apoyando al tapat\u00edo. Entre los nombres que presentaron se encontraban: Banorte, Kit-Kat, Jalisco&nbsp;Tequila Patr\u00f3n, Disney+ (para M\u00e9xico y Latam)&nbsp;y muchas otras, por lo que quedaba esperar a que se confirmaran cu\u00e1les se iban a incluir dentro de la lista de Red Bull y la F1.&nbsp;<\/p>\n\n\n\n<p><strong>Kit-Kat&nbsp;<\/strong>fue la primera marca que confirm\u00f3 su presencia en la<strong>&nbsp;F\u00f3rmula 1 para el 2025<\/strong>. La marca de chocolate comparti\u00f3 un video en redes sociales donde se dej\u00f3 claro que ser\u00e1n nuevos sponsors de la F1. En el video aparece la silueta de un b\u00f3lido a toda velocidad y el piloto recibe informaci\u00f3n de su equipo, Kit-Kat racing.<\/p>\n\n\n\n<p>El motivo por el que se mantendr\u00eda en la F1 tiene que ver con que las marcas que lleva Checo en el casco y la indumentaria son las encargadas de pagar el sueldo del tapat\u00edo. Mientras que las mismas marcas le estar\u00edan entregando a\u00a0<strong>Red Bull cerca de 30 millones de d\u00f3lares.\u00a0<\/strong>Adem\u00e1s del tema econ\u00f3mico, se dice que la F\u00f3rmula 1 no quiere que el nacido en Jalisco deje la categor\u00eda debido a que su nombre asegura lleno en cuatro de los circuitos que hay en el calendario.\u00a0<\/p>\n","protected":false},"excerpt":{"rendered":"<p>Checo P\u00e9rez&nbsp;est\u00e1 por concluir la peor temporada que ha registrado desde que lleg\u00f3 a&nbsp;Red Bull.&nbsp;A pesar de los malos resultados y todos los rumores de su salida de la escuder\u00eda de la bebida energ\u00e9tica, se confirm\u00f3 que el tapat\u00edo estar\u00eda qued\u00e1ndose como el segundo piloto de los austriacos&nbsp;para el 2025,&nbsp;es decir, seguir\u00e1 haciendo&nbsp;equipo con Max [&hellip;]<\/p>\n","protected":false},"author":2,"featured_media":134613,"comment_status":"open","ping_status":"open","sticky":false,"template":"","format":"standard","meta":{"footnotes":""},"categories":[7],"tags":[],"class_list":["post-134612","post","type-post","status-publish","format-standard","has-post-thumbnail","hentry","category-deportes"],"_links":{"self":[{"href":"http:\/\/elcuartopoder.com.mx\/nw\/wp-json\/wp\/v2\/posts\/134612","targetHints":{"allow":["GET"]}}],"collection":[{"href":"http:\/\/elcuartopoder.com.mx\/nw\/wp-json\/wp\/v2\/posts"}],"about":[{"href":"http:\/\/elcuartopoder.com.mx\/nw\/wp-json\/wp\/v2\/types\/post"}],"author":[{"embeddable":true,"href":"http:\/\/elcuartopoder.com.mx\/nw\/wp-json\/wp\/v2\/users\/2"}],"replies":[{"embeddable":true,"href":"http:\/\/elcuartopoder.com.mx\/nw\/wp-json\/wp\/v2\/comments?post=134612"}],"version-history":[{"count":1,"href":"http:\/\/elcuartopoder.com.mx\/nw\/wp-json\/wp\/v2\/posts\/134612\/revisions"}],"predecessor-version":[{"id":134614,"href":"http:\/\/elcuartopoder.com.mx\/nw\/wp-json\/wp\/v2\/posts\/134612\/revisions\/134614"}],"wp:featuredmedia":[{"embeddable":true,"href":"http:\/\/elcuartopoder.com.mx\/nw\/wp-json\/wp\/v2\/media\/134613"}],"wp:attachment":[{"href":"http:\/\/elcuartopoder.com.mx\/nw\/wp-json\/wp\/v2\/media?parent=134612"}],"wp:term":[{"taxonomy":"category","embeddable":true,"href":"http:\/\/elcuartopoder.com.mx\/nw\/wp-json\/wp\/v2\/categories?post=134612"},{"taxonomy":"post_tag","embeddable":true,"href":"http:\/\/elcuartopoder.com.mx\/nw\/wp-json\/wp\/v2\/tags?post=134612"}],"curies":[{"name":"wp","href":"https:\/\/api.w.org\/{rel}","templated":true}]}}