{"id":134948,"date":"2024-11-22T10:01:11","date_gmt":"2024-11-22T15:01:11","guid":{"rendered":"https:\/\/elcuartopoder.com.mx\/nw\/?p=134948"},"modified":"2024-11-22T10:01:14","modified_gmt":"2024-11-22T15:01:14","slug":"recibe-solidaridad-13-certificaciones-de-playas-platino","status":"publish","type":"post","link":"http:\/\/elcuartopoder.com.mx\/nw\/municipales\/recibe-solidaridad-13-certificaciones-de-playas-platino\/","title":{"rendered":"Recibe Solidaridad 13 certificaciones de Playas Platino"},"content":{"rendered":"\n<p><strong>PLAYA DEL CARMEN, MX.-<\/strong>&nbsp;La ratificaci\u00f3n de 13 playas con la certificaci\u00f3n Playa Platino no s\u00f3lo simboliza el esfuerzo continuo en la conservaci\u00f3n de nuestros recursos naturales, sino que reafirma nuestro compromiso con el desarrollo sustentable y el turismo responsable, destac\u00f3 la presidenta municipal de Solidaridad, Estefan\u00eda Mercado.<\/p>\n\n\n\n<p>En el marco de la entrega de los distintivos a este destino tur\u00edstico por parte del Instituto Mexicano de Normalizaci\u00f3n y Certificaci\u00f3n (IMEEC), la Alcaldesa se\u00f1al\u00f3 que las playas cumplen con los m\u00e1s altos est\u00e1ndares de calidad ambiental, haciendo de Solidaridad un referente a nivel nacional e internacional.<\/p>\n\n\n\n<p>\u201cCada una de nuestras 13 playas certificadas es un testimonio vivo de lo que podemos alcanzar al cuidar nuestra riqueza natural. M\u00e1s all\u00e1 del reconocimiento, estas playas representan un lugar de encuentro y disfrute para nuestras familias, turistas y visitantes, garantizando que la belleza y el esplendor de Solidaridad sean accesibles para todas y todos\u201d, indic\u00f3.<\/p>\n\n\n\n<p>Estefan\u00eda Mercado agreg\u00f3 que la conservaci\u00f3n del medio ambiente no es s\u00f3lo un deber, sino un legado que su administraci\u00f3n quiere dejar a las pr\u00f3ximas generaciones.<\/p>\n\n\n\n<p>\u201cSeguiremos trabajando para preservar nuestra biodiversidad, impulsar m\u00e1s iniciativas de limpieza y educaci\u00f3n ambiental y fortalecer este compromiso que nos define como una comunidad responsable y visionaria\u201d, refiri\u00f3.<\/p>\n\n\n\n<p>En este marco, la Presidenta Municipal aprovech\u00f3 para hacer un reconocimiento al personal de la Direcci\u00f3n de la Zona Federal Mar\u00edtimo Terrestre (Zofemat), bajo el liderazgo de la Secretar\u00eda de Medio Ambiente Sustentable y Cambio Clim\u00e1tico, por su dedicaci\u00f3n y profesionalismo para mantener las playas limpias, seguras y sustentables.<\/p>\n\n\n\n<p>Asimismo, agradeci\u00f3 a la ciudadan\u00eda, voluntarios, asociaciones civiles y hoteleros, entre ellos los responsables de la playa certificada Grand Velas, por sumarse a estos esfuerzos de conservaci\u00f3n y cuidado.<\/p>\n\n\n\n<p><\/p>\n\n\n\n<p>Por su parte, Viviana Fern\u00e1ndez Camargo, titular del IMEEC, destac\u00f3 que, con el evento organizado hoy, en la playa Pel\u00edcanos, se celebra el esfuerzo conjunto para garantizar que los arenales sigan siendo un patrimonio que perdure en las pr\u00f3ximas generaciones.<\/p>\n\n\n\n<p>La funcionaria explic\u00f3 que Playa Platino es un distintivo que reconoce la excelencia en la gesti\u00f3n del impacto ambiental, la conservaci\u00f3n de nuestros ecosistemas costeros y el compromiso para crear destinos tur\u00edsticos responsables y sostenibles. \u201cLas Playas Platino son un ejemplo brillante de lo que significa trabajar con un futuro sostenible, sin sacrificar la calidad de nuestros paisajes de la biodiversidad que albergan\u201d, expuso.<\/p>\n\n\n\n<p>Las playas que recibieron la certificaci\u00f3n son Xcalacoco, Punta Esmeralda, 88, Pel\u00edcanos, Pretel Norte (40), 38, 72, Montecarlo, Cisne, Pirata, Caribe, Xpuh\u00e1 y la playa administrada por el hotel Grand Velas.<\/p>\n\n\n\n<p>En su intervenci\u00f3n, el director de la Zofemat, Irving Rafael Lili Madrigal, dijo que este logro es el reflejo del compromiso de la Presidenta Municipal, para promover un turismo responsable, accesible y sustentable. Al evento tambi\u00e9n acudieron los secretarios de Medio Ambiente y Cambio Clim\u00e1tico, Samantha \u00c1lvarez, y de Protecci\u00f3n Civil, Prevenci\u00f3n de Riesgos y Bomberos, Darwin Covarrubias. (<strong>Fuente: Ayuntamiento de Solidaridad<\/strong>)<\/p>\n","protected":false},"excerpt":{"rendered":"<p>PLAYA DEL CARMEN, MX.-&nbsp;La ratificaci\u00f3n de 13 playas con la certificaci\u00f3n Playa Platino no s\u00f3lo simboliza el esfuerzo continuo en la conservaci\u00f3n de nuestros recursos naturales, sino que reafirma nuestro compromiso con el desarrollo sustentable y el turismo responsable, destac\u00f3 la presidenta municipal de Solidaridad, Estefan\u00eda Mercado. En el marco de la entrega de los [&hellip;]<\/p>\n","protected":false},"author":2,"featured_media":134949,"comment_status":"open","ping_status":"open","sticky":false,"template":"","format":"standard","meta":{"footnotes":""},"categories":[6],"tags":[],"class_list":["post-134948","post","type-post","status-publish","format-standard","has-post-thumbnail","hentry","category-municipales"],"_links":{"self":[{"href":"http:\/\/elcuartopoder.com.mx\/nw\/wp-json\/wp\/v2\/posts\/134948","targetHints":{"allow":["GET"]}}],"collection":[{"href":"http:\/\/elcuartopoder.com.mx\/nw\/wp-json\/wp\/v2\/posts"}],"about":[{"href":"http:\/\/elcuartopoder.com.mx\/nw\/wp-json\/wp\/v2\/types\/post"}],"author":[{"embeddable":true,"href":"http:\/\/elcuartopoder.com.mx\/nw\/wp-json\/wp\/v2\/users\/2"}],"replies":[{"embeddable":true,"href":"http:\/\/elcuartopoder.com.mx\/nw\/wp-json\/wp\/v2\/comments?post=134948"}],"version-history":[{"count":1,"href":"http:\/\/elcuartopoder.com.mx\/nw\/wp-json\/wp\/v2\/posts\/134948\/revisions"}],"predecessor-version":[{"id":134950,"href":"http:\/\/elcuartopoder.com.mx\/nw\/wp-json\/wp\/v2\/posts\/134948\/revisions\/134950"}],"wp:featuredmedia":[{"embeddable":true,"href":"http:\/\/elcuartopoder.com.mx\/nw\/wp-json\/wp\/v2\/media\/134949"}],"wp:attachment":[{"href":"http:\/\/elcuartopoder.com.mx\/nw\/wp-json\/wp\/v2\/media?parent=134948"}],"wp:term":[{"taxonomy":"category","embeddable":true,"href":"http:\/\/elcuartopoder.com.mx\/nw\/wp-json\/wp\/v2\/categories?post=134948"},{"taxonomy":"post_tag","embeddable":true,"href":"http:\/\/elcuartopoder.com.mx\/nw\/wp-json\/wp\/v2\/tags?post=134948"}],"curies":[{"name":"wp","href":"https:\/\/api.w.org\/{rel}","templated":true}]}}