{"id":134952,"date":"2024-11-22T10:46:42","date_gmt":"2024-11-22T15:46:42","guid":{"rendered":"https:\/\/elcuartopoder.com.mx\/nw\/?p=134952"},"modified":"2024-11-22T10:46:45","modified_gmt":"2024-11-22T15:46:45","slug":"preven-fuertes-heladas-por-acumulacion-de-humedad-en-jose-maria-morelos","status":"publish","type":"post","link":"http:\/\/elcuartopoder.com.mx\/nw\/municipales\/preven-fuertes-heladas-por-acumulacion-de-humedad-en-jose-maria-morelos\/","title":{"rendered":"Prev\u00e9n fuertes heladas por acumulaci\u00f3n de humedad en Jos\u00e9 Mar\u00eda Morelos"},"content":{"rendered":"\n<p><strong>JOS\u00c9 MAR\u00cdA MORELOS, MX.-<\/strong>\u00a0Las fuertes heladas previstas para enero y febrero en el municipio se deben al exceso de lluvia y a la acumulaci\u00f3n de humedad de los \u00faltimos meses, seg\u00fan Leobardo S\u00e1nchez May, de 84 a\u00f1os, un conocedor de las costumbres mayas.<\/p>\n\n\n\n<p>Dijo que estas precipitaciones inusuales han provocado un descenso significativo en la temperatura, un fen\u00f3meno no observado en a\u00f1os anteriores.<\/p>\n\n\n\n<p>\u201cSeg\u00fan los abuelitos, cuando hay mucha lluvia hay mucha humedad y el fr\u00edo avanza, ya se comienza a sentir desde noviembre\u201d, coment\u00f3 S\u00e1nchez May.<\/p>\n\n\n\n<p>A\u00f1adi\u00f3 que las construcciones y el desmonte de la selva en a\u00f1os anteriores han modificado el clima, acortando las \u00e9pocas de fr\u00edo.<\/p>\n\n\n\n<p>\u201cEstos cambios tambi\u00e9n afectan la siembra tradicional de frutas como yuca, j\u00edcama y camote, que tienen una producci\u00f3n mayor con temperaturas bajas\u201d, concluy\u00f3.&nbsp; &nbsp; &nbsp; &nbsp; (<strong>Agencia SIM<\/strong>)<\/p>\n","protected":false},"excerpt":{"rendered":"<p>JOS\u00c9 MAR\u00cdA MORELOS, MX.-\u00a0Las fuertes heladas previstas para enero y febrero en el municipio se deben al exceso de lluvia y a la acumulaci\u00f3n de humedad de los \u00faltimos meses, seg\u00fan Leobardo S\u00e1nchez May, de 84 a\u00f1os, un conocedor de las costumbres mayas. Dijo que estas precipitaciones inusuales han provocado un descenso significativo en la [&hellip;]<\/p>\n","protected":false},"author":2,"featured_media":134953,"comment_status":"open","ping_status":"open","sticky":false,"template":"","format":"standard","meta":{"footnotes":""},"categories":[6],"tags":[],"class_list":["post-134952","post","type-post","status-publish","format-standard","has-post-thumbnail","hentry","category-municipales"],"_links":{"self":[{"href":"http:\/\/elcuartopoder.com.mx\/nw\/wp-json\/wp\/v2\/posts\/134952","targetHints":{"allow":["GET"]}}],"collection":[{"href":"http:\/\/elcuartopoder.com.mx\/nw\/wp-json\/wp\/v2\/posts"}],"about":[{"href":"http:\/\/elcuartopoder.com.mx\/nw\/wp-json\/wp\/v2\/types\/post"}],"author":[{"embeddable":true,"href":"http:\/\/elcuartopoder.com.mx\/nw\/wp-json\/wp\/v2\/users\/2"}],"replies":[{"embeddable":true,"href":"http:\/\/elcuartopoder.com.mx\/nw\/wp-json\/wp\/v2\/comments?post=134952"}],"version-history":[{"count":1,"href":"http:\/\/elcuartopoder.com.mx\/nw\/wp-json\/wp\/v2\/posts\/134952\/revisions"}],"predecessor-version":[{"id":134954,"href":"http:\/\/elcuartopoder.com.mx\/nw\/wp-json\/wp\/v2\/posts\/134952\/revisions\/134954"}],"wp:featuredmedia":[{"embeddable":true,"href":"http:\/\/elcuartopoder.com.mx\/nw\/wp-json\/wp\/v2\/media\/134953"}],"wp:attachment":[{"href":"http:\/\/elcuartopoder.com.mx\/nw\/wp-json\/wp\/v2\/media?parent=134952"}],"wp:term":[{"taxonomy":"category","embeddable":true,"href":"http:\/\/elcuartopoder.com.mx\/nw\/wp-json\/wp\/v2\/categories?post=134952"},{"taxonomy":"post_tag","embeddable":true,"href":"http:\/\/elcuartopoder.com.mx\/nw\/wp-json\/wp\/v2\/tags?post=134952"}],"curies":[{"name":"wp","href":"https:\/\/api.w.org\/{rel}","templated":true}]}}