{"id":134960,"date":"2024-11-22T17:48:04","date_gmt":"2024-11-22T22:48:04","guid":{"rendered":"https:\/\/elcuartopoder.com.mx\/nw\/?p=134960"},"modified":"2024-11-22T17:48:08","modified_gmt":"2024-11-22T22:48:08","slug":"diputados-aprueban-reforma-para-eliminar-los-organos-autonomos-pasa-al-pleno-del-senado","status":"publish","type":"post","link":"http:\/\/elcuartopoder.com.mx\/nw\/nacionales\/diputados-aprueban-reforma-para-eliminar-los-organos-autonomos-pasa-al-pleno-del-senado\/","title":{"rendered":"Diputados aprueban reforma para eliminar los \u00f3rganos aut\u00f3nomos, pasa al pleno del Senado"},"content":{"rendered":"\n<p>Diputados aprobaron este jueves en lo general y particular la reforma de simplificaci\u00f3n org\u00e1nica con la cual se eliminar\u00e1n siete\u00a0de organismos aut\u00f3nomos como el\u00a0Instituto Nacional de Transparencia y Acceso a la Informaci\u00f3n y Protecci\u00f3n de Datos<strong>\u00a0<\/strong>(INAI), el dictamen fue remitido al\u00a0Senado\u00a0para continuar el proceso legislativo.<\/p>\n\n\n\n<p>Luego de reanudar la sesi\u00f3n sobre dicho dictamen y tras siete horas de discusi\u00f3n, los grupos parlamentarios de todas las bancadas hablaron en pro y en contra de la reforma, la cual tiene una reserva presentada por el diputado&nbsp;<strong>Alfonso Ram\u00edrez Cu\u00e9llar,<\/strong>&nbsp;con la que se crean dos instituciones para atender las funciones t\u00e9cnicas del IFT y de la&nbsp;<strong>Cofece<\/strong>.&nbsp;<\/p>\n\n\n\n<blockquote class=\"wp-block-quote is-layout-flow wp-block-quote-is-layout-flow\">\n<p>\u201cPor eso, todas las funciones de los \u00f3rganos ahora en proceso de extinci\u00f3n van a ser reasignados a las secretar\u00edas de Estado o a la administraci\u00f3n p\u00fablica donde corresponden, desde nuestro punto de vista\u201d, dijo el legislador respecto a su reserva que fue aprobada.<\/p>\n<\/blockquote>\n\n\n\n<p>El coordinador de los diputados de Morena,<strong>&nbsp;Ricardo Monreal&nbsp;<\/strong>dijo que los siete organismos que hoy se est\u00e1n extinguiendo no tienen un respaldo electivo y, \u201cpor ocasiones, se sobrepon\u00edan a la autoridad leg\u00edtimamente electa. Incluso, en el plazo de vigencia y de permanencia exced\u00eda a los mandatos populares a los que estamos sometidos cotidianamente\u201d.<\/p>\n\n\n\n<p>Agreg\u00f3 que la propuesta de modificaci\u00f3n que se presentar\u00e1 este jueves al dictamen de reforma constitucional que extingue siete \u00f3rganos aut\u00f3nomos, cuida la firma de M\u00e9xico en los tratados internacionales de comercio, entre ellos e<strong>l T-MEC.<\/strong><\/p>\n\n\n\n<blockquote class=\"wp-block-quote is-layout-flow wp-block-quote-is-layout-flow\">\n<p>\u201cLo que se pretende es que se salve cualquier reclamo de los pa\u00edses que suscribieron el T-MEC sobre la existencia de un \u00f3rgano t\u00e9cnico que resuelva temas de competencia, temas de monopolios, temas de concurrencia y temas de radiotelecomunicaci\u00f3n o radiodifusi\u00f3n o telecomunicaci\u00f3n en el pa\u00eds\u201d, dijo.<\/p>\n<\/blockquote>\n\n\n\n<p>Por su parte, de la oposici\u00f3n, el coordinador de los diputados del PRI,&nbsp;<strong>Rub\u00e9n Moreira<\/strong>, dijo que la aprobaci\u00f3n de esta reforma constitucional traer\u00e1 problemas por e<strong>l \u201cdesaseo legislatvio\u201d&nbsp;<\/strong>y avizor\u00f3 que dentro de pocos meses esta reforma ser\u00e1 discutida nuevamente.<\/p>\n\n\n\n<p>\u00b7Hace unas semanas votaron varios art\u00edculos similares en la misma ley, hoy est\u00e1n en total desaseo votando una legislaci\u00f3n que les va a traer problemas, yo les aseguro que en los pr\u00f3ximos meses estaremos discutiendo lo mismo\u00b7.<\/p>\n","protected":false},"excerpt":{"rendered":"<p>Diputados aprobaron este jueves en lo general y particular la reforma de simplificaci\u00f3n org\u00e1nica con la cual se eliminar\u00e1n siete\u00a0de organismos aut\u00f3nomos como el\u00a0Instituto Nacional de Transparencia y Acceso a la Informaci\u00f3n y Protecci\u00f3n de Datos\u00a0(INAI), el dictamen fue remitido al\u00a0Senado\u00a0para continuar el proceso legislativo. Luego de reanudar la sesi\u00f3n sobre dicho dictamen y tras [&hellip;]<\/p>\n","protected":false},"author":2,"featured_media":134961,"comment_status":"open","ping_status":"open","sticky":false,"template":"","format":"standard","meta":{"footnotes":""},"categories":[55],"tags":[],"class_list":["post-134960","post","type-post","status-publish","format-standard","has-post-thumbnail","hentry","category-nacionales"],"_links":{"self":[{"href":"http:\/\/elcuartopoder.com.mx\/nw\/wp-json\/wp\/v2\/posts\/134960","targetHints":{"allow":["GET"]}}],"collection":[{"href":"http:\/\/elcuartopoder.com.mx\/nw\/wp-json\/wp\/v2\/posts"}],"about":[{"href":"http:\/\/elcuartopoder.com.mx\/nw\/wp-json\/wp\/v2\/types\/post"}],"author":[{"embeddable":true,"href":"http:\/\/elcuartopoder.com.mx\/nw\/wp-json\/wp\/v2\/users\/2"}],"replies":[{"embeddable":true,"href":"http:\/\/elcuartopoder.com.mx\/nw\/wp-json\/wp\/v2\/comments?post=134960"}],"version-history":[{"count":1,"href":"http:\/\/elcuartopoder.com.mx\/nw\/wp-json\/wp\/v2\/posts\/134960\/revisions"}],"predecessor-version":[{"id":134962,"href":"http:\/\/elcuartopoder.com.mx\/nw\/wp-json\/wp\/v2\/posts\/134960\/revisions\/134962"}],"wp:featuredmedia":[{"embeddable":true,"href":"http:\/\/elcuartopoder.com.mx\/nw\/wp-json\/wp\/v2\/media\/134961"}],"wp:attachment":[{"href":"http:\/\/elcuartopoder.com.mx\/nw\/wp-json\/wp\/v2\/media?parent=134960"}],"wp:term":[{"taxonomy":"category","embeddable":true,"href":"http:\/\/elcuartopoder.com.mx\/nw\/wp-json\/wp\/v2\/categories?post=134960"},{"taxonomy":"post_tag","embeddable":true,"href":"http:\/\/elcuartopoder.com.mx\/nw\/wp-json\/wp\/v2\/tags?post=134960"}],"curies":[{"name":"wp","href":"https:\/\/api.w.org\/{rel}","templated":true}]}}