{"id":134967,"date":"2024-11-22T17:58:08","date_gmt":"2024-11-22T22:58:08","guid":{"rendered":"https:\/\/elcuartopoder.com.mx\/nw\/?p=134967"},"modified":"2024-11-22T17:58:10","modified_gmt":"2024-11-22T22:58:10","slug":"sheinbaum-le-apuesta-a-un-mexico-mas-seguro","status":"publish","type":"post","link":"http:\/\/elcuartopoder.com.mx\/nw\/politica\/sheinbaum-le-apuesta-a-un-mexico-mas-seguro\/","title":{"rendered":"Sheinbaum le apuesta a un M\u00e9xico m\u00e1s seguro"},"content":{"rendered":"\n<p>De acuerdo con datos de la Comisi\u00f3n Nacional de los Derechos Humanos (CNDH), en M\u00e9xico el \u00edndice de impunidad alcanza el 99%. Eso quiere decir que, por cada 100 delitos denunciados, s\u00f3lo en uno se logra impartir justicia, lo que por a\u00f1os provoc\u00f3 que disminuyera la confianza ciudadana en nuestras instituciones de justicia.<\/p>\n\n\n\n<p>Por ello, la inseguridad penetr\u00f3 a tal grado de crearnos una realidad que ha transformado nuestra vida diaria y que durante sexenios, poco se hab\u00eda hecho. Las noticias de homicidios, secuestros y extorsiones se normalizaron tanto que desde el gobierno de Calder\u00f3n los medios han dedicado mayor tiempo a la nota roja, problem\u00e1tica que abon\u00f3 a la desconfianza en nuestras instituciones de seguridad p\u00fablica por el descuido de gobiernos omisos.<\/p>\n\n\n\n<p>Dicen que cuando existe voluntad de cambiar las cosas, nunca es tarde para iniciar, por lo que celebro que la actual legislatura coincida en replantear la estrategia nacional de seguridad, fortaleciendo la coordinaci\u00f3n institucional y priorizando a las v\u00edctimas y ciudadanos, pero, para que eso fuera posible, la presidenta Claudia Sheinbaum envi\u00f3 una iniciativa de reforma al Art\u00edculo 21 de la Constituci\u00f3n que otorga a la Secretar\u00eda de Seguridad y Protecci\u00f3n Ciudadana (SSPC) m\u00e1s facultades en la investigaci\u00f3n de delitos, en coordinaci\u00f3n con la Fiscal\u00eda General de la Rep\u00fablica (FGR). Un cambio que responde a una de las principales limitantes que enfrentan nuestras fuerzas del orden que por a\u00f1os han sido se\u00f1aladas como responsables de la falta de acci\u00f3n, cuando en muchos casos est\u00e1n limitadas legalmente lo que les impide actuar con eficacia.<\/p>\n\n\n\n<p>Y a eso obedece la reforma constitucional, consolidar un sistema m\u00e1s eficaz y responsable, en el que se establezca una coordinaci\u00f3n m\u00e1s eficiente entre las diversas instituciones encargadas de velar por la seguridad p\u00fablica. Por ejemplo, se plantea que la investigaci\u00f3n de los delitos contin\u00fae bajo el mando del Ministerio P\u00fablico, pero ahora auxiliado tambi\u00e9n por la Secretar\u00eda de Seguridad y Protecci\u00f3n Ciudadana (SSPC), la Guardia Nacional y las polic\u00edas, quienes actuar\u00e1n bajo el mando de esta \u00faltima instituci\u00f3n, lo que permitir\u00e1 una gesti\u00f3n m\u00e1s centralizada y organizada de las acciones de seguridad y el Secretariado Ejecutivo del Sistema Nacional de Seguridad P\u00fablica tendr\u00e1 la tarea de auditar los fondos federales destinados a la seguridad, lo que es crucial para evitar la corrupci\u00f3n al interior de estas instituciones.<\/p>\n\n\n\n<p>Lo m\u00e1s relevante de esta reforma es la implementaci\u00f3n de acciones preventivas, por lo que parte de las medidas que se incluyen es atender de manera integral las causas estructurales de la violencia, tales como la desigualdad social, la falta de oportunidades y la corrupci\u00f3n. De esta forma, se intenta construir una sociedad m\u00e1s equitativa y pac\u00edfica, algo que de plano gobiernos neoliberales nunca voltearon a ver.<\/p>\n\n\n\n<p>Esta reforma es un paso importante y estoy seguro que alcanzar\u00e1 los votos legales para su aprobaci\u00f3n y no veo que nadie difiera en la iniciativa de fortalecer el Sistema Nacional de Seguridad P\u00fablica, pues eso significa un primer paso hacia un M\u00e9xico m\u00e1s seguro y pac\u00edfico para lo cual, la clave del \u00e9xito radicar\u00e1 en la coordinaci\u00f3n y el compromiso de los tres niveles de gobierno con la justicia.<\/p>\n\n\n\n<p>POR JULIO C\u00c9SAR MORENO<\/p>\n","protected":false},"excerpt":{"rendered":"<p>De acuerdo con datos de la Comisi\u00f3n Nacional de los Derechos Humanos (CNDH), en M\u00e9xico el \u00edndice de impunidad alcanza el 99%. Eso quiere decir que, por cada 100 delitos denunciados, s\u00f3lo en uno se logra impartir justicia, lo que por a\u00f1os provoc\u00f3 que disminuyera la confianza ciudadana en nuestras instituciones de justicia. Por ello, [&hellip;]<\/p>\n","protected":false},"author":2,"featured_media":134968,"comment_status":"open","ping_status":"open","sticky":false,"template":"","format":"standard","meta":{"footnotes":""},"categories":[61],"tags":[],"class_list":["post-134967","post","type-post","status-publish","format-standard","has-post-thumbnail","hentry","category-politica"],"_links":{"self":[{"href":"http:\/\/elcuartopoder.com.mx\/nw\/wp-json\/wp\/v2\/posts\/134967","targetHints":{"allow":["GET"]}}],"collection":[{"href":"http:\/\/elcuartopoder.com.mx\/nw\/wp-json\/wp\/v2\/posts"}],"about":[{"href":"http:\/\/elcuartopoder.com.mx\/nw\/wp-json\/wp\/v2\/types\/post"}],"author":[{"embeddable":true,"href":"http:\/\/elcuartopoder.com.mx\/nw\/wp-json\/wp\/v2\/users\/2"}],"replies":[{"embeddable":true,"href":"http:\/\/elcuartopoder.com.mx\/nw\/wp-json\/wp\/v2\/comments?post=134967"}],"version-history":[{"count":1,"href":"http:\/\/elcuartopoder.com.mx\/nw\/wp-json\/wp\/v2\/posts\/134967\/revisions"}],"predecessor-version":[{"id":134969,"href":"http:\/\/elcuartopoder.com.mx\/nw\/wp-json\/wp\/v2\/posts\/134967\/revisions\/134969"}],"wp:featuredmedia":[{"embeddable":true,"href":"http:\/\/elcuartopoder.com.mx\/nw\/wp-json\/wp\/v2\/media\/134968"}],"wp:attachment":[{"href":"http:\/\/elcuartopoder.com.mx\/nw\/wp-json\/wp\/v2\/media?parent=134967"}],"wp:term":[{"taxonomy":"category","embeddable":true,"href":"http:\/\/elcuartopoder.com.mx\/nw\/wp-json\/wp\/v2\/categories?post=134967"},{"taxonomy":"post_tag","embeddable":true,"href":"http:\/\/elcuartopoder.com.mx\/nw\/wp-json\/wp\/v2\/tags?post=134967"}],"curies":[{"name":"wp","href":"https:\/\/api.w.org\/{rel}","templated":true}]}}