{"id":134970,"date":"2024-11-22T18:01:02","date_gmt":"2024-11-22T23:01:02","guid":{"rendered":"https:\/\/elcuartopoder.com.mx\/nw\/?p=134970"},"modified":"2024-11-22T18:01:04","modified_gmt":"2024-11-22T23:01:04","slug":"que-esta-pasando-en-yucatan","status":"publish","type":"post","link":"http:\/\/elcuartopoder.com.mx\/nw\/destacadas\/que-esta-pasando-en-yucatan\/","title":{"rendered":"\u00bfQu\u00e9 est\u00e1 pasando en Yucat\u00e1n?"},"content":{"rendered":"\n<p>En este estado, en lo pol\u00edtico mand\u00f3 el bipartidismo del PRI y del PAN. El arribo de Morena al gobierno pasm\u00f3 principalmente a l\u00edderes empresariales que percib\u00edan que el PAN repetir\u00eda, luego de la salida de Mauricio Vila como mandatario en Yucat\u00e1n.<\/p>\n\n\n\n<p>La mera expectativa de las acciones del nuevo gobernador Joaqu\u00edn D\u00edaz Mena,&nbsp;<em>Huacho<\/em>, ya eran suficientes para generar ansiedad. Este martes se sum\u00f3 otro elemento: el exgobernador panista solicit\u00f3 licencia para separarse temporalmente de su actual cargo de Senador de la Rep\u00fablica.<\/p>\n\n\n\n<p>El anuncio de esa solicitud caus\u00f3 inquietud entre los yucatecos.<\/p>\n\n\n\n<p>Se sabe que solo estar\u00e1 fuera durante una semana, argumenta motivos personales. Pero con tanto movimiento, en su tierra, el comal no est\u00e1 para salbutes.<\/p>\n\n\n\n<p>En lo concerniente a Yucat\u00e1n, hasta ahora, el estado mantiene la estructura que le permite entregar datos rid\u00edculamente diferentes del resto del pa\u00eds en materia de seguridad.<\/p>\n\n\n\n<p>Aqu\u00ed va uno:&nbsp;<strong>El 65 por ciento de los adultos de la poblad\u00edsima alcald\u00eda Cuauht\u00e9moc en la Ciudad de M\u00e9xico experiment\u00f3 conflictos o enfrentamientos<\/strong>&nbsp;durante los tres meses que acabaron en octubre, de acuerdo con encuestas del INEGI. En Guadalajara, 47 por ciento; en Monterrey, 40 por ciento.&nbsp;<strong>\u00bfEn M\u00e9rida, la capital yucateca? Un 14 por ciento.<\/strong><\/p>\n\n\n\n<p>Luis Felipe Said\u00e9n Ojeda comenz\u00f3 con el PRI, sigui\u00f3 con el gobierno del PAN y contin\u00faa al frente de la Secretar\u00eda de Seguridad P\u00fablica en el gobierno del morenista D\u00edaz Mena, lo que garantiza a los polic\u00edas un liderazgo s\u00f3lido y at\u00edpico en M\u00e9xico.<\/p>\n\n\n\n<p>Tal posici\u00f3n ha permitido a Said\u00e9n negociar durante anteriores mandatos la adquisici\u00f3n de tecnolog\u00eda, una red de c\u00e1maras de videovigilancia con<em>&nbsp;software<\/em>&nbsp;que integra inteligencia artificial; am\u00e9n de&nbsp;<strong>aumentos salariales superiores al 50 por ciento para su equipo, cr\u00e9ditos hipotecarios del Infonavit, incluso becas universitarias<\/strong>&nbsp;para hijos de los agentes.<\/p>\n\n\n\n<p>Vaya, dejar el trabajo sale caro a los oficiales.<\/p>\n\n\n\n<p>En los negocios, Yucat\u00e1n peg\u00f3 un salto en 10 a\u00f1os, durante la gesti\u00f3n de Ernesto Herrera como secretario de Fomento Econ\u00f3mico. Hay algunas quejas sobre el resultado traducido en miles de coches que llenan las calles y tambi\u00e9n revelan una gran inmigraci\u00f3n.<\/p>\n\n\n\n<p>Desde otro enfoque, en ese plazo Yucat\u00e1n avanz\u00f3 del lugar 23 al 20 entre las 32 entidades federativas de M\u00e9xico en t\u00e9rminos de su aportaci\u00f3n al PIB nacional.&nbsp;<strong>Rebas\u00f3 a Chiapas, Quintana Roo y a Durango en relevancia econ\u00f3mica<\/strong>.<\/p>\n\n\n\n<p>En d\u00f3lares, su PIB pas\u00f3 de aproximadamente 20 mil millones anuales en 2013, a 28 mil millones el a\u00f1o pasado, de acuerdo con datos del INEGI y del Banco Mundial.<\/p>\n\n\n\n<p>Los yucatecos decidieron elevar el tama\u00f1o de su econom\u00eda por tres v\u00edas: la construcci\u00f3n y venta de inmuebles; los servicios, perceptible en la aparici\u00f3n de edificios de oficinas, centros comerciales como La Isla, The Harbor, City 32\u2026 y finalmente por la manufactura representada por empresas de autopartes como Leoni o acereras, como Steelex; adem\u00e1s de autoparteras, f\u00e1bricas de partes para aviones y tecnol\u00f3gicas como Soft Restaurant y Accenture.<\/p>\n\n\n\n<p>La gesti\u00f3n del crecimiento econ\u00f3mico qued\u00f3 ahora en manos del joven&nbsp;<strong>Ermilo Barrera<\/strong>, graduado en Relaciones Internacionales por el ITAM, quien lleg\u00f3 del gobierno de Puebla, en donde fungi\u00f3 tambi\u00e9n como secretario de Econom\u00eda.<\/p>\n\n\n\n<p>Tendr\u00e1 cerca el apoyo de su jefe, pero tambi\u00e9n el federal de la presidenta Claudia Sheinbaum.<\/p>\n\n\n\n<p>Ella quiere conectar el Tren Maya con el puerto de Progreso, lo que ha generado en inversionistas la percepci\u00f3n de Yucat\u00e1n como una frontera \u2018cercana\u2019 a Estados Unidos, a donde es posible enviar productos por barco m\u00e1s r\u00e1pido que desde el Baj\u00edo.<\/p>\n\n\n\n<p>Por eso destaca como el \u00fanico estado del sur con atractivo para inversiones por&nbsp;<em>nearshoring<\/em>, en el \u00cdndice de Desarrollo Industrial de la administradora de parques industriales Finsa.<\/p>\n\n\n\n<p>A trav\u00e9s del secretario de Econom\u00eda, Marcelo Ebrard, Sheinbaum defini\u00f3 a los responsables de cada Corredor del Bienestar, la delegaci\u00f3n de ese trabajo en el Corredor Maya qued\u00f3 en manos de&nbsp;<strong>Jos\u00e9 Antonio Arce y Escamilla<\/strong>, quien ya promueve inversiones.<\/p>\n\n\n\n<p>El ritmo actual de Yucat\u00e1n anuncia crecimiento en la medida en que sostenga un nivel adecuado de seguridad y&nbsp;<strong>eleve el cuidado del agua, rubro en el que Finsa lo califica muy mal<\/strong>.<\/p>\n\n\n\n<p>D\u00edaz Mena est\u00e1 decidido a apoyar la econom\u00eda digital de nueva generaci\u00f3n, pero tambi\u00e9n el desarrollo de pueblos como Valladolid, que se convierten en ciudades.<\/p>\n\n\n\n<p>Progreso aspira a duplicar el tama\u00f1o de su puerto. Habr\u00e1 m\u00e1s que contar, pr\u00f3ximamente.<\/p>\n","protected":false},"excerpt":{"rendered":"<p>En este estado, en lo pol\u00edtico mand\u00f3 el bipartidismo del PRI y del PAN. El arribo de Morena al gobierno pasm\u00f3 principalmente a l\u00edderes empresariales que percib\u00edan que el PAN repetir\u00eda, luego de la salida de Mauricio Vila como mandatario en Yucat\u00e1n. La mera expectativa de las acciones del nuevo gobernador Joaqu\u00edn D\u00edaz Mena,&nbsp;Huacho, ya [&hellip;]<\/p>\n","protected":false},"author":2,"featured_media":134971,"comment_status":"open","ping_status":"open","sticky":false,"template":"","format":"standard","meta":{"footnotes":""},"categories":[59],"tags":[],"class_list":["post-134970","post","type-post","status-publish","format-standard","has-post-thumbnail","hentry","category-destacadas"],"_links":{"self":[{"href":"http:\/\/elcuartopoder.com.mx\/nw\/wp-json\/wp\/v2\/posts\/134970","targetHints":{"allow":["GET"]}}],"collection":[{"href":"http:\/\/elcuartopoder.com.mx\/nw\/wp-json\/wp\/v2\/posts"}],"about":[{"href":"http:\/\/elcuartopoder.com.mx\/nw\/wp-json\/wp\/v2\/types\/post"}],"author":[{"embeddable":true,"href":"http:\/\/elcuartopoder.com.mx\/nw\/wp-json\/wp\/v2\/users\/2"}],"replies":[{"embeddable":true,"href":"http:\/\/elcuartopoder.com.mx\/nw\/wp-json\/wp\/v2\/comments?post=134970"}],"version-history":[{"count":1,"href":"http:\/\/elcuartopoder.com.mx\/nw\/wp-json\/wp\/v2\/posts\/134970\/revisions"}],"predecessor-version":[{"id":134972,"href":"http:\/\/elcuartopoder.com.mx\/nw\/wp-json\/wp\/v2\/posts\/134970\/revisions\/134972"}],"wp:featuredmedia":[{"embeddable":true,"href":"http:\/\/elcuartopoder.com.mx\/nw\/wp-json\/wp\/v2\/media\/134971"}],"wp:attachment":[{"href":"http:\/\/elcuartopoder.com.mx\/nw\/wp-json\/wp\/v2\/media?parent=134970"}],"wp:term":[{"taxonomy":"category","embeddable":true,"href":"http:\/\/elcuartopoder.com.mx\/nw\/wp-json\/wp\/v2\/categories?post=134970"},{"taxonomy":"post_tag","embeddable":true,"href":"http:\/\/elcuartopoder.com.mx\/nw\/wp-json\/wp\/v2\/tags?post=134970"}],"curies":[{"name":"wp","href":"https:\/\/api.w.org\/{rel}","templated":true}]}}