{"id":135094,"date":"2024-11-27T10:13:24","date_gmt":"2024-11-27T15:13:24","guid":{"rendered":"https:\/\/elcuartopoder.com.mx\/nw\/?p=135094"},"modified":"2024-11-27T10:13:27","modified_gmt":"2024-11-27T15:13:27","slug":"sembrando-vidas-o-sembrando-dudas","status":"publish","type":"post","link":"http:\/\/elcuartopoder.com.mx\/nw\/politica\/sembrando-vidas-o-sembrando-dudas\/","title":{"rendered":"\u00bfSembrando vidas o sembrando dudas?"},"content":{"rendered":"\n<p>Hace unos d\u00edas Claudia Sheinbaum se present\u00f3 en el m\u00e1ximo club de l\u00edderes internacionales, el G20, celebrado en R\u00edo de Janeiro. Pese a la importancia de las potencias involucradas y la presencia de Biden, Macron, Xi Yinping, Lula y similares, hab\u00eda expectativas para conocer a la reci\u00e9n llegada.<\/p>\n\n\n\n<p>Sheinbaum eligi\u00f3 con cuidado el material con el que se mostrar\u00eda en la Primera Sesi\u00f3n de Trabajo, titulada: \u201cLucha contra el Hambre y la Pobreza\u201d. Propuso destinar el 1% del gasto militar de los pa\u00edses presentes para llevar a cabo el programa de reforestaci\u00f3n m\u00e1s grande de la historia. Significar\u00eda liberar unos 24 mil millones de d\u00f3lares al a\u00f1o (12 veces lo que ya destina M\u00e9xico) para apoyar a 6 millones de sembradores de \u00e1rboles que reforestar\u00edan 15 millones de hect\u00e1reas, algo as\u00ed como cuatro veces la superficie de Dinamarca, toda la de Guatemala, Belice y el Salvador juntos, o 30% la de Suecia. \u201cCon ello ayudar\u00edamos a mitigar el calentamiento global y restaurar\u00edamos el tejido social ayudando a las comunidades a salir de la pobreza. La propuesta es dejar de sembrar guerras, sembremos paz y sembremos vida\u201d.<\/p>\n\n\n\n<p>Fue una elecci\u00f3n que respond\u00eda a tres frentes simult\u00e1neamente. Recuperaba un programa lanzado en el sexenio anterior, Sembrando Vida, con lo cual se presentaba como presidenta electa s\u00ed, pero parte de un movimiento m\u00e1s amplio que gobierna a M\u00e9xico desde hace varios a\u00f1os.<\/p>\n\n\n\n<p>Segundo, ofrec\u00eda el resultado de una experiencia, no se trataba solo de una idea: \u201cbeneficia a 439 mil familias mexicanas y a 40 mil en Guatemala, Honduras y El Salvador, permitiendo con ello la reforestaci\u00f3n en los \u00faltimos seis a\u00f1os de m\u00e1s de un mill\u00f3n de hect\u00e1reas con la siembra de mil 100 millones de \u00e1rboles, lo que equivale a capturar anualmente 30 millones de toneladas de di\u00f3xido de carbono (CO\u2082).<\/p>\n\n\n\n<p>Y, tercero, constituye un programa que sintetiza dos rasgos con los cuales ella se siente identificada: el combate a la pobreza y la lucha en favor del medio ambiente. \u201cMe niego a pensar que somos capaces de crear la inteligencia artificial e incapaces de dar la mano al que se qued\u00f3 atr\u00e1s\u201d dijo en las postrimer\u00edas de su discurso.<\/p>\n\n\n\n<p>Fue una exposici\u00f3n que dej\u00f3 un buen sabor de boca, aunque no podemos ignorar que en v\u00edsperas del vendaval trumpista, los mandatarios de las grandes potencias ten\u00edan puesta la atenci\u00f3n en otro lado. Pero Sheinbaum arranc\u00f3 con pie derecho en esta su presentaci\u00f3n en sociedad.<\/p>\n\n\n\n<p>Sin embargo, en M\u00e9xico se escucharon algunas voces discordantes. Que sembrando vida era un fracaso, que incluso hab\u00eda generado deforestaci\u00f3n, que los resultados estaban inflados, que hab\u00eda corrupci\u00f3n.<\/p>\n\n\n\n<p>Me parece que esta pol\u00e9mica ofrece un buen ejemplo de los aciertos, pero tambi\u00e9n de los desaciertos de la manera en que la 4T ha conducido algunas ambiciosas iniciativas.<\/p>\n\n\n\n<p>Andr\u00e9s Manuel L\u00f3pez Obrador opt\u00f3 por la estrategia de lanzar los programas con su m\u00e1xima extensi\u00f3n posible y sobre el camino afinar procesos y corregir errores. Sab\u00eda que ten\u00eda poco tiempo y confiaba en que las virtudes y los beneficios compensar\u00edan ampliamente el apresuramiento o la falta de condiciones id\u00f3neas. En algunos programas tuvo m\u00e1s punter\u00eda que en otros.<\/p>\n\n\n\n<p>Sembrando Vida ha beneficiado a muchas familias mexicanas pero tambi\u00e9n acusa insuficiencias y no es refractario a diversas corruptelas. Hay algunos productores que, en efecto, han quemado bosques para ser sujetos de apoyo del programa de reforestaci\u00f3n. Hay beneficiarios inventados y no siempre la elecci\u00f3n de especies ha sido la id\u00f3nea para disminuir la merma en la siembra y el desarrollo. Pero ser\u00eda injusto hacer pagar a cientos de miles de familias beneficiadas o los millones de \u00e1rboles sembrados por anomal\u00edas susceptibles de ser corregidas.<\/p>\n\n\n\n<p>El problema es que \u00a1sean corregidas!, y aqu\u00ed es donde el gobierno de Sheinbaum tendr\u00e1 que pasar la prueba. Por desgracia la administraci\u00f3n de L\u00f3pez Obrador fue muy poco propicia a mirar sus propias ineficiencias y muy lerda en atacarlas. Con el prop\u00f3sito de no \u201cofrecer municiones al adversario\u201d, la burocracia obradorista no favoreci\u00f3 la autocr\u00edtica y, en esa medida, la adopci\u00f3n de sistemas de evaluaci\u00f3n y perfeccionamiento de su propio desempe\u00f1o.<\/p>\n\n\n\n<p>Como cient\u00edfica Sheinbaum esta consciente que un proceso que no se autocorrige est\u00e1 destinado a viciarse. El ensayo, error, ajuste, es la condici\u00f3n para el desarrollo de cualquier proyecto.&nbsp; Sembrando Vida es un programa vertebral del campo mexicano, particularmente en zonas deprimidas y ecol\u00f3gicamente devastadas. Pero necesitamos que el gobierno del Segundo Piso de la 4T pase por un filtro severo fugas e ineficiencias. La disciplina y la raz\u00f3n deben sobreponerse a circunstancias en las que el discurso o la propaganda impide el perfeccionamiento de programas que realmente pueden hacer la diferencia para los que dejamos atr\u00e1s, como les llam\u00f3 la presidenta.<\/p>\n\n\n\n<p>Pero tambi\u00e9n habr\u00eda que pedir mayor responsabilidad a cr\u00edticos y oposici\u00f3n. Sembrar dudas mediante la distorsi\u00f3n y extrapolaci\u00f3n de los negros del arroz para convertirlos en misiles destinados a deslegitimar o destruir un programa que beneficia a tantos, es criminal. Una cosa es exigir el fin de las irregularidades, donde las haya, otra es perjudicar a cientos de miles solo para para asestar un golpe.<\/p>\n","protected":false},"excerpt":{"rendered":"<p>Hace unos d\u00edas Claudia Sheinbaum se present\u00f3 en el m\u00e1ximo club de l\u00edderes internacionales, el G20, celebrado en R\u00edo de Janeiro. Pese a la importancia de las potencias involucradas y la presencia de Biden, Macron, Xi Yinping, Lula y similares, hab\u00eda expectativas para conocer a la reci\u00e9n llegada. Sheinbaum eligi\u00f3 con cuidado el material con [&hellip;]<\/p>\n","protected":false},"author":2,"featured_media":135095,"comment_status":"open","ping_status":"open","sticky":false,"template":"","format":"standard","meta":{"footnotes":""},"categories":[61],"tags":[],"class_list":["post-135094","post","type-post","status-publish","format-standard","has-post-thumbnail","hentry","category-politica"],"_links":{"self":[{"href":"http:\/\/elcuartopoder.com.mx\/nw\/wp-json\/wp\/v2\/posts\/135094","targetHints":{"allow":["GET"]}}],"collection":[{"href":"http:\/\/elcuartopoder.com.mx\/nw\/wp-json\/wp\/v2\/posts"}],"about":[{"href":"http:\/\/elcuartopoder.com.mx\/nw\/wp-json\/wp\/v2\/types\/post"}],"author":[{"embeddable":true,"href":"http:\/\/elcuartopoder.com.mx\/nw\/wp-json\/wp\/v2\/users\/2"}],"replies":[{"embeddable":true,"href":"http:\/\/elcuartopoder.com.mx\/nw\/wp-json\/wp\/v2\/comments?post=135094"}],"version-history":[{"count":1,"href":"http:\/\/elcuartopoder.com.mx\/nw\/wp-json\/wp\/v2\/posts\/135094\/revisions"}],"predecessor-version":[{"id":135096,"href":"http:\/\/elcuartopoder.com.mx\/nw\/wp-json\/wp\/v2\/posts\/135094\/revisions\/135096"}],"wp:featuredmedia":[{"embeddable":true,"href":"http:\/\/elcuartopoder.com.mx\/nw\/wp-json\/wp\/v2\/media\/135095"}],"wp:attachment":[{"href":"http:\/\/elcuartopoder.com.mx\/nw\/wp-json\/wp\/v2\/media?parent=135094"}],"wp:term":[{"taxonomy":"category","embeddable":true,"href":"http:\/\/elcuartopoder.com.mx\/nw\/wp-json\/wp\/v2\/categories?post=135094"},{"taxonomy":"post_tag","embeddable":true,"href":"http:\/\/elcuartopoder.com.mx\/nw\/wp-json\/wp\/v2\/tags?post=135094"}],"curies":[{"name":"wp","href":"https:\/\/api.w.org\/{rel}","templated":true}]}}