{"id":135100,"date":"2024-11-27T10:18:15","date_gmt":"2024-11-27T15:18:15","guid":{"rendered":"https:\/\/elcuartopoder.com.mx\/nw\/?p=135100"},"modified":"2024-11-27T10:18:19","modified_gmt":"2024-11-27T15:18:19","slug":"legislar-sin-ideologia","status":"publish","type":"post","link":"http:\/\/elcuartopoder.com.mx\/nw\/destacadas\/legislar-sin-ideologia\/","title":{"rendered":"Legislar sin ideolog\u00eda"},"content":{"rendered":"\n<p>Recuerdo que iba manejando, aunque no el destino; que escuchaba un noticiero, aunque no s\u00e9 cu\u00e1l; que me interesaba el tema y lo sigue haciendo. Estaban hablando de las votaciones que se dar\u00edan en Argentina para legalizar el aborto. No entrar\u00e9 en el tema porque hay posturas de los dos lados y no es el objetivo de este ejemplo. Lo que me interes\u00f3 en ese momento, m\u00e1s all\u00e1 de la discusi\u00f3n, fue escuchar a un legislador del parlamento argentino. Se confesaba conservador y hablaba con una profunda serenidad, sin arrebatos. Tras insistir en que siempre hab\u00eda votado en contra del aborto, debido a su ideolog\u00eda y creencias, asegur\u00f3 que, entre los muchos testimonios y argumentos de los defensores de la legalizaci\u00f3n, hab\u00eda encontrado varios que lo hab\u00edan convencido. Por esa raz\u00f3n, no s\u00f3lo el sentido de su voto ser\u00eda a favor de dicha ley, sino que, en ese mismo momento, hab\u00eda tomado la palabra para convencer a sus compa\u00f1eros de facci\u00f3n no de que se sumaran a su causa, sino que ponderaran, racionalmente, los argumentos, m\u00e1s all\u00e1 de los sesgos ideol\u00f3gicos y de sus propias convicciones.<\/p>\n\n\n\n<p>Es claro que me sorprend\u00ed por tan claro manifiesto. El legislador no s\u00f3lo confesaba que estaba en contra de esa reforma, sino que, pese a ello, la apoyar\u00eda dado que los argumentos eran s\u00f3lidos y, m\u00e1s a\u00fan, intentar\u00eda convencer a todos los que estaban en una posici\u00f3n similar a la suya a abrirse a todo lo que se hab\u00eda dicho.<\/p>\n\n\n\n<p>Supe que es justo as\u00ed como debe ser el ejercicio de quienes legislan: escuchar, ponderar, consultar a expertos, desprenderse de las creencias propias, de sus ideolog\u00edas, incluso de las cuotas partidistas y votar por lo que creen que es mejor para todos.<\/p>\n\n\n\n<p>Algo que, desafortunadamente, no sucede en nuestro pa\u00eds (ni, quiz\u00e1, en un gran n\u00famero de parlamentos). Aqu\u00ed se vota sin leer las propuestas de ley. Tan es as\u00ed que las contradicciones saltan a la vista casi de inmediato. Se vota apresuradamente, pues se cree que el ejercicio legislativo tiene m\u00e1s que ver con la prisa que con la calidad de lo votado. Se vota porque as\u00ed lo indican los l\u00edderes de las bancadas. \u00bfAcaso no es com\u00fan que todos los representantes populares de un partido voten en el mismo sentido? Se vota, tambi\u00e9n, sin una verdadera conciencia de lo que es mejor para todos los gobernados. \u00bfC\u00f3mo podr\u00edan tener ese m\u00ednimo reparo, si ni siquiera se leyeron las propuestas de modificaciones?<\/p>\n\n\n\n<p>Es claro que existen temas en los que es imposible ponerse de acuerdo. En nuestras propias casas no queda claro que es lo que conviene m\u00e1s a sus habitantes. Mucho menos, si lo llevamos a las colonias, a las asambleas vecinales, al chat de los chicos de la escuela. Entre m\u00e1s personas intervienen, m\u00e1s puntos de vista caben y m\u00e1s disensos existen. Cuando la voluntad es buena, esos disensos deber\u00edan ser el punto de partida para discusiones que aporten salidas que convengan a todos. Sin embargo, nuestro legislativo es como el padre autoritario, el mat\u00f3n de la colonia o quien se aprovecha de alg\u00fan descuido: se impone la fuerza sobre la raz\u00f3n, la cantidad sobre la calidad y, al final del d\u00eda, nos quedamos con esos rescoldos que no son otra cosa sino un grupo de l\u00edderes de partido convencidos de que les fue bien porque se chingaron a los otros, a nosotros.<\/p>\n\n\n\n<p>Lo peor, es que ya ni siquiera es un asunto de ideolog\u00eda: es pura conveniencia.<\/p>\n\n\n\n<p><\/p>\n","protected":false},"excerpt":{"rendered":"<p>Recuerdo que iba manejando, aunque no el destino; que escuchaba un noticiero, aunque no s\u00e9 cu\u00e1l; que me interesaba el tema y lo sigue haciendo. Estaban hablando de las votaciones que se dar\u00edan en Argentina para legalizar el aborto. No entrar\u00e9 en el tema porque hay posturas de los dos lados y no es el [&hellip;]<\/p>\n","protected":false},"author":2,"featured_media":135101,"comment_status":"open","ping_status":"open","sticky":false,"template":"","format":"standard","meta":{"footnotes":""},"categories":[59],"tags":[],"class_list":["post-135100","post","type-post","status-publish","format-standard","has-post-thumbnail","hentry","category-destacadas"],"_links":{"self":[{"href":"http:\/\/elcuartopoder.com.mx\/nw\/wp-json\/wp\/v2\/posts\/135100","targetHints":{"allow":["GET"]}}],"collection":[{"href":"http:\/\/elcuartopoder.com.mx\/nw\/wp-json\/wp\/v2\/posts"}],"about":[{"href":"http:\/\/elcuartopoder.com.mx\/nw\/wp-json\/wp\/v2\/types\/post"}],"author":[{"embeddable":true,"href":"http:\/\/elcuartopoder.com.mx\/nw\/wp-json\/wp\/v2\/users\/2"}],"replies":[{"embeddable":true,"href":"http:\/\/elcuartopoder.com.mx\/nw\/wp-json\/wp\/v2\/comments?post=135100"}],"version-history":[{"count":1,"href":"http:\/\/elcuartopoder.com.mx\/nw\/wp-json\/wp\/v2\/posts\/135100\/revisions"}],"predecessor-version":[{"id":135102,"href":"http:\/\/elcuartopoder.com.mx\/nw\/wp-json\/wp\/v2\/posts\/135100\/revisions\/135102"}],"wp:featuredmedia":[{"embeddable":true,"href":"http:\/\/elcuartopoder.com.mx\/nw\/wp-json\/wp\/v2\/media\/135101"}],"wp:attachment":[{"href":"http:\/\/elcuartopoder.com.mx\/nw\/wp-json\/wp\/v2\/media?parent=135100"}],"wp:term":[{"taxonomy":"category","embeddable":true,"href":"http:\/\/elcuartopoder.com.mx\/nw\/wp-json\/wp\/v2\/categories?post=135100"},{"taxonomy":"post_tag","embeddable":true,"href":"http:\/\/elcuartopoder.com.mx\/nw\/wp-json\/wp\/v2\/tags?post=135100"}],"curies":[{"name":"wp","href":"https:\/\/api.w.org\/{rel}","templated":true}]}}