{"id":135103,"date":"2024-11-27T10:20:18","date_gmt":"2024-11-27T15:20:18","guid":{"rendered":"https:\/\/elcuartopoder.com.mx\/nw\/?p=135103"},"modified":"2024-11-27T10:20:22","modified_gmt":"2024-11-27T15:20:22","slug":"dos-meses-sin-con-amlo","status":"publish","type":"post","link":"http:\/\/elcuartopoder.com.mx\/nw\/politica\/dos-meses-sin-con-amlo\/","title":{"rendered":"Dos meses sin (con) AMLO"},"content":{"rendered":"\n<p>Esta semana se cumplen dos meses desde que Andr\u00e9s Manuel L\u00f3pez Obrador entreg\u00f3 la banda presidencial a la actual titular del Poder Ejecutivo, Claudia Sheinbaum Pardo. Desde entonces, la \u00faltima vez que se le vio en p\u00fablico fue en la tribuna de la C\u00e1mara de Diputados tras la ceremonia de entrega del poder presidencial el pasado 1\u00ba de octubre.<\/p>\n\n\n\n<p>De esa fecha a ahora no ha habido ninguna aparici\u00f3n p\u00fablica, ning\u00fan mensaje en redes sociales, ninguna fotograf\u00eda ni video de \u00e9l en alg\u00fan sitio p\u00fablico. Sus \u00faltimos mensajes en redes sociales fueron el 30 de septiembre, su \u00faltimo d\u00eda en el cargo, en la que subi\u00f3 una foto al pie de la escalinata central de Palacio Nacional con varios presidentes latinoamericanos que acudieron a la toma de posesi\u00f3n de Sheinbaum, y el \u00faltimo, un video con una rese\u00f1a de su trayectoria pol\u00edtica y agradecimiento al pueblo de M\u00e9xico, el 1\u00ba de octubre. La \u00fanica noticia personal de L\u00f3pez Obrador fue proporcionada por uno de sus hijos tras visitarlo en su rancho en Palenque por su aniversario n\u00famero 71, el pasado 12 de noviembre.&nbsp;<\/p>\n\n\n\n<p>Mucho antes de que dejara la presidencia, L\u00f3pez Obrador reiteraba una y otra vez que al terminar su mandato dejar\u00eda de la vida p\u00fablica y que se retirar\u00eda a su rancho La Chingada en Palenque para dedicarse a asuntos personales, entre otros, a escribir un libro de historia. A unos d\u00edas de dejar el cargo reiter\u00f3 este mensaje: \u201cYo ya no voy a poder ocuparme (de esos asuntos) (\u2026) yo no quiero ser hombre fuerte, ni jefe m\u00e1ximo, ni caudillo, ni mucho menos cacique. Yo ya termin\u00e9 mi ciclo\u201d, dijo desde Palenque, Chiapas, el pasado 14 de septiembre.<\/p>\n\n\n\n<p>A pesar de esta ausencia de la vida p\u00fablica, todav\u00eda muchos creen que en realidad L\u00f3pez Obrador no se ha retirado y sigue ejerciendo el poder desde su rancho. No son pocos los articulistas y comentaristas que afirman que el ex presidente ejerce un maximato e incluso recuerdan la vieja frase en la que se dice \u201cel presidente&nbsp; vive aqu\u00ed, pero el que gobierna vive enfrente\u201d, con la que se suger\u00eda que el ex presidente Plutarco El\u00edas Calles segu\u00eda ejerciendo el poder despu\u00e9s de que dej\u00f3 el cargo en noviembre de 1928, hasta que lleg\u00f3 L\u00e1zaro C\u00e1rdenas y lo desterr\u00f3 a San Diego.&nbsp;<\/p>\n\n\n\n<p>\u00bfQu\u00e9 tan cierto es que L\u00f3pez Obrador sigue ejerciendo el poder e imponiendo su mando y voluntad pol\u00edtica por encima del poder formal que ejerce Claudia Sheinbaum? Buena parte de los cr\u00edticos del obradorismo lo dan por hecho, sin mayores pruebas.&nbsp;<\/p>\n\n\n\n<p>El acontecimiento reciente que da pie a la versi\u00f3n del maximato ejercido por L\u00f3pez Obrador, es la reelecci\u00f3n de Rosario Piedra Ibarra al frente de la Comisi\u00f3n Nacional de Derechos Humanos (CNDH); para muchos, fue una decisi\u00f3n del ex presidente pasando por encima de la voluntad de la presidenta Claudia Sheinbaum que hubiera preferido a la ex ombudsperson de la Ciudad de M\u00e9xico, Nashieli Ram\u00edrez Hern\u00e1ndez. Pero son eso, suposiciones sin ninguna carga de prueba. Me parece poco serio afirmar que hay maximato en M\u00e9xico solo porque supuestamente L\u00f3pez Obrador impuso a los legisladores de Morena y a la presidenta, a su \u201cprotegida\u201d Rosario Piedra.&nbsp;<\/p>\n\n\n\n<p>En el conjunto de decisiones pol\u00edticas que ha tomado la presidenta Claudia Sheinbaum y el oficialismo en estos dos meses sin L\u00f3pez Obrador, la designaci\u00f3n de la presidenta de la CNDH es un asunto importante, pero menor a otros temas que se han decidido y que apuntar\u00edan en un sentido contrario.<\/p>\n\n\n\n<p>Por ejemplo, la decisi\u00f3n para dotar de mayores facultades e incluso el mando de la pol\u00edtica de seguridad p\u00fablica a la Secretar\u00eda de Seguridad y Protecci\u00f3n Ciudadana a cargo de Omar Garc\u00eda Harfuch es de mayor trascendencia y puede leerse como una modificaci\u00f3n sustancial a la anterior pol\u00edtica de seguridad del ex presidente L\u00f3pez Obrador. En apenas dos meses se puede percibir un cambio en la estrategia de seguridad en contraste con la que impuls\u00f3 el ex presidente con el poco afortunado t\u00edtulo de \u201cAbrazos y no balazos\u201d.&nbsp;<\/p>\n\n\n\n<p>Adem\u00e1s de la captura de algunos capos de distintos c\u00e1rteles (Sinaloa y CNJG), se puede percibir el despliegue de la nueva estrategia en la Operaci\u00f3n Enjambre llevada a cabo por la Secretar\u00eda de Seguridad y Protecci\u00f3n Ciudadana (SSPC) y la fiscal\u00eda del Estado de M\u00e9xico el pasado fin de semana en la que se detuvo a una alcaldesa, cinco mandos de seguridad p\u00fablica municipales y un presidente honor\u00edfico del Sistema para el Desarrollo Integral de la Familia (DIF) por sus presuntos v\u00ednculos con grupos de la delincuencia organizada.&nbsp;<\/p>\n\n\n\n<p>De pretender seguir ejerciendo el poder, L\u00f3pez Obrador influir\u00eda m\u00e1s en los asuntos de mayor relevancia que gastar su capital pol\u00edtico s\u00f3lo para imponer a la presidenta de la CNDH. De otro lado, quienes aseguran que AMLO no se ha retirado y sigue tomando las decisiones en el nuevo gobierno siguen subestimando la capacidad de mando de la presidenta Claudia Sheinbaum y la autonom\u00eda de Morena como un partido pol\u00edtico con peso propio. Si el gobierno actual se sigue pareciendo al anterior es porque, en lo sustancial, hay coincidencia en el mismo proyecto pol\u00edtico y de gobierno.&nbsp;<\/p>\n\n\n\n<p>De otro lado, poco se toma en cuenta la singularidad de L\u00f3pez Obrador como dirigente pol\u00edtico, en contraste con los liderazgos de otros pol\u00edticos no s\u00f3lo en M\u00e9xico sino en el contexto internacional. Basta revisar los liderazgos pol\u00edticos de partidos de la izquierda electoral en toda Am\u00e9rica Latina y lo que se ve son dirigentes que tratan de perpetuarse en el poder. En argentina la familia Kirchner (primero el ya fallecido N\u00e9stor y luego Cristina), en Brasil Luiz Inacio, Lula, da Silva; en Venezuela Hugo Ch\u00e1vez, y Nicol\u00e1s Maduro; en Bolivia el empecinamiento de Evo Morales por el poder; en Cuba Fidel y Ra\u00fal Castro.&nbsp;&nbsp;<\/p>\n\n\n\n<p>El caso m\u00e1s emblem\u00e1tico de liderazgos pol\u00edticos de la supuesta izquierda que muestran se deseo de permanecer en el poder, a costa de lo que sea, es el de Daniel Ortega en Nicaragua, que lleg\u00f3 al poder en 1979 mediante la revoluci\u00f3n a trav\u00e9s del Frente Sandinista de Liberaci\u00f3n Nacional (FSLN). Tras ser derrotado en las urnas, Daniel Ortega regres\u00f3 a la presidencia en 2007 y desde entonces ha promovido diversas reformas a la Constituci\u00f3n para reelegirse,&nbsp; ampliar el mando y ahora para convertir al Ejecutivo en el poder \u201ccoordinador\u201d en ese pa\u00eds. En una absurda reforma reci\u00e9n aprobada por la Asamblea Legislativa dominado por el FSLN se modific\u00f3 la ley para que ahora el Ejecutivo ahora sea el poder que \u201ccoordinar\u00e1 a los \u00f3rganos legislativo, judicial, electoral, de control y fiscalizaci\u00f3n, regionales y municipales\u201d que antes la Constituci\u00f3n reconoc\u00eda como independientes o aut\u00f3nomos. Y adem\u00e1s modific\u00f3 la ley para que su esposa Rosario Murillo se convirtiera de vicepresidenta a copresidenta del pa\u00eds.&nbsp;<\/p>\n\n\n\n<p>Nada semejante intent\u00f3 L\u00f3pez Obrador. Ya no se recuerda, pero al comienzo de se sexenio, muchos apostaban a que iba a tratar de reelegirse. En lugar de ello simple y llanamente se fue a La Chingada. Quiz\u00e1 es hora de dejarlo descansar y concederle a la presidenta Sheinbaum la agencia y la capacidad de ejercer el poder (que no es poco) que los votantes le concedieron por seis a\u00f1os y acostumbrarnos a una realidad pol\u00edtica sin las ma\u00f1aneras de AMLO.<\/p>\n","protected":false},"excerpt":{"rendered":"<p>Esta semana se cumplen dos meses desde que Andr\u00e9s Manuel L\u00f3pez Obrador entreg\u00f3 la banda presidencial a la actual titular del Poder Ejecutivo, Claudia Sheinbaum Pardo. Desde entonces, la \u00faltima vez que se le vio en p\u00fablico fue en la tribuna de la C\u00e1mara de Diputados tras la ceremonia de entrega del poder presidencial el [&hellip;]<\/p>\n","protected":false},"author":2,"featured_media":135104,"comment_status":"open","ping_status":"open","sticky":false,"template":"","format":"standard","meta":{"footnotes":""},"categories":[61],"tags":[],"class_list":["post-135103","post","type-post","status-publish","format-standard","has-post-thumbnail","hentry","category-politica"],"_links":{"self":[{"href":"http:\/\/elcuartopoder.com.mx\/nw\/wp-json\/wp\/v2\/posts\/135103","targetHints":{"allow":["GET"]}}],"collection":[{"href":"http:\/\/elcuartopoder.com.mx\/nw\/wp-json\/wp\/v2\/posts"}],"about":[{"href":"http:\/\/elcuartopoder.com.mx\/nw\/wp-json\/wp\/v2\/types\/post"}],"author":[{"embeddable":true,"href":"http:\/\/elcuartopoder.com.mx\/nw\/wp-json\/wp\/v2\/users\/2"}],"replies":[{"embeddable":true,"href":"http:\/\/elcuartopoder.com.mx\/nw\/wp-json\/wp\/v2\/comments?post=135103"}],"version-history":[{"count":1,"href":"http:\/\/elcuartopoder.com.mx\/nw\/wp-json\/wp\/v2\/posts\/135103\/revisions"}],"predecessor-version":[{"id":135105,"href":"http:\/\/elcuartopoder.com.mx\/nw\/wp-json\/wp\/v2\/posts\/135103\/revisions\/135105"}],"wp:featuredmedia":[{"embeddable":true,"href":"http:\/\/elcuartopoder.com.mx\/nw\/wp-json\/wp\/v2\/media\/135104"}],"wp:attachment":[{"href":"http:\/\/elcuartopoder.com.mx\/nw\/wp-json\/wp\/v2\/media?parent=135103"}],"wp:term":[{"taxonomy":"category","embeddable":true,"href":"http:\/\/elcuartopoder.com.mx\/nw\/wp-json\/wp\/v2\/categories?post=135103"},{"taxonomy":"post_tag","embeddable":true,"href":"http:\/\/elcuartopoder.com.mx\/nw\/wp-json\/wp\/v2\/tags?post=135103"}],"curies":[{"name":"wp","href":"https:\/\/api.w.org\/{rel}","templated":true}]}}