{"id":135115,"date":"2024-11-27T10:46:34","date_gmt":"2024-11-27T15:46:34","guid":{"rendered":"https:\/\/elcuartopoder.com.mx\/nw\/?p=135115"},"modified":"2024-11-27T10:46:36","modified_gmt":"2024-11-27T15:46:36","slug":"policia-de-brasil-acusa-a-bolsonaro-de-planear-golpe-de-estado-en-2022","status":"publish","type":"post","link":"http:\/\/elcuartopoder.com.mx\/nw\/internacionales\/policia-de-brasil-acusa-a-bolsonaro-de-planear-golpe-de-estado-en-2022\/","title":{"rendered":"Polic\u00eda de Brasil acusa a Bolsonaro de planear golpe de Estado en 2022"},"content":{"rendered":"\n<p><em>Brasilia.<\/em>&nbsp;El expresidente Jair Bolsonaro planific\u00f3 y particip\u00f3 directamente en una organizaci\u00f3n criminal cuyo objetivo era dar un golpe de Estado, mostr\u00f3 el martes el contenido completo de la acusaci\u00f3n formal de la polic\u00eda de Brasil.<\/p>\n\n\n\n<p>La polic\u00eda federal present\u00f3 la semana pasada una acusaci\u00f3n formal ante la Corte Suprema del pa\u00eds diciendo que Bolsonaro plane\u00f3 un golpe de Estado para revocar las elecciones de 2022 junto con decenas de exministros y asesores, pero no hab\u00eda publicado el informe completo que respaldaba sus argumentos en ese momento.<\/p>\n","protected":false},"excerpt":{"rendered":"<p>Brasilia.&nbsp;El expresidente Jair Bolsonaro planific\u00f3 y particip\u00f3 directamente en una organizaci\u00f3n criminal cuyo objetivo era dar un golpe de Estado, mostr\u00f3 el martes el contenido completo de la acusaci\u00f3n formal de la polic\u00eda de Brasil. La polic\u00eda federal present\u00f3 la semana pasada una acusaci\u00f3n formal ante la Corte Suprema del pa\u00eds diciendo que Bolsonaro plane\u00f3 [&hellip;]<\/p>\n","protected":false},"author":2,"featured_media":135116,"comment_status":"open","ping_status":"open","sticky":false,"template":"","format":"standard","meta":{"footnotes":""},"categories":[8],"tags":[],"class_list":["post-135115","post","type-post","status-publish","format-standard","has-post-thumbnail","hentry","category-internacionales"],"_links":{"self":[{"href":"http:\/\/elcuartopoder.com.mx\/nw\/wp-json\/wp\/v2\/posts\/135115","targetHints":{"allow":["GET"]}}],"collection":[{"href":"http:\/\/elcuartopoder.com.mx\/nw\/wp-json\/wp\/v2\/posts"}],"about":[{"href":"http:\/\/elcuartopoder.com.mx\/nw\/wp-json\/wp\/v2\/types\/post"}],"author":[{"embeddable":true,"href":"http:\/\/elcuartopoder.com.mx\/nw\/wp-json\/wp\/v2\/users\/2"}],"replies":[{"embeddable":true,"href":"http:\/\/elcuartopoder.com.mx\/nw\/wp-json\/wp\/v2\/comments?post=135115"}],"version-history":[{"count":1,"href":"http:\/\/elcuartopoder.com.mx\/nw\/wp-json\/wp\/v2\/posts\/135115\/revisions"}],"predecessor-version":[{"id":135117,"href":"http:\/\/elcuartopoder.com.mx\/nw\/wp-json\/wp\/v2\/posts\/135115\/revisions\/135117"}],"wp:featuredmedia":[{"embeddable":true,"href":"http:\/\/elcuartopoder.com.mx\/nw\/wp-json\/wp\/v2\/media\/135116"}],"wp:attachment":[{"href":"http:\/\/elcuartopoder.com.mx\/nw\/wp-json\/wp\/v2\/media?parent=135115"}],"wp:term":[{"taxonomy":"category","embeddable":true,"href":"http:\/\/elcuartopoder.com.mx\/nw\/wp-json\/wp\/v2\/categories?post=135115"},{"taxonomy":"post_tag","embeddable":true,"href":"http:\/\/elcuartopoder.com.mx\/nw\/wp-json\/wp\/v2\/tags?post=135115"}],"curies":[{"name":"wp","href":"https:\/\/api.w.org\/{rel}","templated":true}]}}