{"id":135167,"date":"2024-11-28T09:21:32","date_gmt":"2024-11-28T14:21:32","guid":{"rendered":"https:\/\/elcuartopoder.com.mx\/nw\/?p=135167"},"modified":"2024-11-28T09:21:36","modified_gmt":"2024-11-28T14:21:36","slug":"redesol-podria-regresar-a-solidaridad-juzgado-otorga-prorroga-para-concesion","status":"publish","type":"post","link":"http:\/\/elcuartopoder.com.mx\/nw\/municipales\/redesol-podria-regresar-a-solidaridad-juzgado-otorga-prorroga-para-concesion\/","title":{"rendered":"Redesol podr\u00eda regresar a Solidaridad: Juzgado otorga pr\u00f3rroga para concesi\u00f3n"},"content":{"rendered":"\n<p>El Juzgado Segundo de Distrito otorg\u00f3 una pr\u00f3rroga de 10 d\u00edas a la&nbsp;<strong>Sala Constitucional del Poder Judicial de Quintana Roo<\/strong>&nbsp;para que presente la propuesta t\u00e9cnica de concesi\u00f3n de basura a favor de&nbsp;<strong><a href=\"https:\/\/sipse.com\/playa-del-carmen\/redesol-gana-amparo-playa-carmen-espera-notificacion-oficial-469105.html\">Redesol en Solidaridad<\/a><\/strong>, y as\u00ed cumplir una ejecutoria de amparo que gan\u00f3 el particular.<\/p>\n\n\n\n<p>Lo anterior abre la posibilidad de que el particular regrese a brindar el servicio de recolecci\u00f3n de residuos urbanos en Solidaridad, tal como lo establece el amparo que gan\u00f3 en&nbsp;<strong>diciembre de 2023<\/strong>, tras una apelaci\u00f3n en el&nbsp;<strong>Segundo Tribunal Colegiado de Circuito<\/strong>.<\/p>\n\n\n\n<p>En un acuerdo dictado este martes dentro del expediente 212\/2022 de juicio de amparo indirecto del Juzgado Segundo de Distrito de Canc\u00fan, se da a conocer la pr\u00f3rroga otorgada a la Sala Constitucional.<\/p>\n\n\n\n<blockquote class=\"wp-block-quote is-layout-flow wp-block-quote-is-layout-flow\">\n<p><em>\u201cSe concede pr\u00f3rroga (&#8230;) que se le concede una nueva pr\u00f3rroga solicitada por diez d\u00edas m\u00e1s, a partir de que se notifique el presente prove\u00eddo, a fin de que est\u00e9 en aptitud de dar cumplimiento al fallo protector\u201d<\/em>, se lee en el acuerdo dictado.<a href=\"https:\/\/images.sipse.com\/vKsbLuOrUjTTBQDCBozgcJfMZVY=\/fit-in\/900x500\/2024\/11\/27\/1732734796579.png\"><\/a><\/p>\n<\/blockquote>\n\n\n\n<p>Redesol demand\u00f3 a diversas autoridades por la v\u00eda del amparo porque no qued\u00f3 satisfecha en una sentencia que la favorec\u00eda para reinstalarla en la concesi\u00f3n de recolecci\u00f3n de basura en la zona tur\u00edstica de Playa del Carmen.<\/p>\n\n\n\n<p>Este particular, obtuvo un contrato de concesi\u00f3n en 2012 \u00fanicamente para la recolecci\u00f3n de los residuos en esa zona y Puerto Aventuras; no obstante, gobiernos posteriores no cumplieron tal relaci\u00f3n contractual.<\/p>\n\n\n\n<p>Fue entonces que Redesol inici\u00f3 una batalla legal por la v\u00eda administrativa y despu\u00e9s con amparos. El gobierno del trienio antepasado tampoco lo reinstal\u00f3, pese a una sentencia emitida por la&nbsp;<strong>Sala Constitucional del Poder Judicial de Quintana Roo<\/strong>. Entonces la representaci\u00f3n legal de Redesol tramit\u00f3 un amparo contra la negativa de reinstalaci\u00f3n.<\/p>\n\n\n\n<p>El Juzgado Segundo de Distrito, de Canc\u00fan, en septiembre de 2022 le neg\u00f3 la protecci\u00f3n de la Justicia Federal. La concesionaria apel\u00f3 con un recurso de revisi\u00f3n. En diciembre de 2023 el citado&nbsp;<strong>Tribunal Colegiado de Circuito&nbsp;<\/strong>le dio la raz\u00f3n a la empresa que debe ser reinstalada.<\/p>\n","protected":false},"excerpt":{"rendered":"<p>El Juzgado Segundo de Distrito otorg\u00f3 una pr\u00f3rroga de 10 d\u00edas a la&nbsp;Sala Constitucional del Poder Judicial de Quintana Roo&nbsp;para que presente la propuesta t\u00e9cnica de concesi\u00f3n de basura a favor de&nbsp;Redesol en Solidaridad, y as\u00ed cumplir una ejecutoria de amparo que gan\u00f3 el particular. Lo anterior abre la posibilidad de que el particular regrese [&hellip;]<\/p>\n","protected":false},"author":2,"featured_media":135168,"comment_status":"open","ping_status":"open","sticky":false,"template":"","format":"standard","meta":{"footnotes":""},"categories":[6],"tags":[],"class_list":["post-135167","post","type-post","status-publish","format-standard","has-post-thumbnail","hentry","category-municipales"],"_links":{"self":[{"href":"http:\/\/elcuartopoder.com.mx\/nw\/wp-json\/wp\/v2\/posts\/135167","targetHints":{"allow":["GET"]}}],"collection":[{"href":"http:\/\/elcuartopoder.com.mx\/nw\/wp-json\/wp\/v2\/posts"}],"about":[{"href":"http:\/\/elcuartopoder.com.mx\/nw\/wp-json\/wp\/v2\/types\/post"}],"author":[{"embeddable":true,"href":"http:\/\/elcuartopoder.com.mx\/nw\/wp-json\/wp\/v2\/users\/2"}],"replies":[{"embeddable":true,"href":"http:\/\/elcuartopoder.com.mx\/nw\/wp-json\/wp\/v2\/comments?post=135167"}],"version-history":[{"count":1,"href":"http:\/\/elcuartopoder.com.mx\/nw\/wp-json\/wp\/v2\/posts\/135167\/revisions"}],"predecessor-version":[{"id":135169,"href":"http:\/\/elcuartopoder.com.mx\/nw\/wp-json\/wp\/v2\/posts\/135167\/revisions\/135169"}],"wp:featuredmedia":[{"embeddable":true,"href":"http:\/\/elcuartopoder.com.mx\/nw\/wp-json\/wp\/v2\/media\/135168"}],"wp:attachment":[{"href":"http:\/\/elcuartopoder.com.mx\/nw\/wp-json\/wp\/v2\/media?parent=135167"}],"wp:term":[{"taxonomy":"category","embeddable":true,"href":"http:\/\/elcuartopoder.com.mx\/nw\/wp-json\/wp\/v2\/categories?post=135167"},{"taxonomy":"post_tag","embeddable":true,"href":"http:\/\/elcuartopoder.com.mx\/nw\/wp-json\/wp\/v2\/tags?post=135167"}],"curies":[{"name":"wp","href":"https:\/\/api.w.org\/{rel}","templated":true}]}}