{"id":135170,"date":"2024-11-28T09:25:05","date_gmt":"2024-11-28T14:25:05","guid":{"rendered":"https:\/\/elcuartopoder.com.mx\/nw\/?p=135170"},"modified":"2024-11-28T09:25:09","modified_gmt":"2024-11-28T14:25:09","slug":"la-fiscalia-de-francia-pide-entre-cuatro-y-20-anos-de-prision-para-los-51-acusados-por-violacion-a-gisele-pelicot","status":"publish","type":"post","link":"http:\/\/elcuartopoder.com.mx\/nw\/policiacas\/la-fiscalia-de-francia-pide-entre-cuatro-y-20-anos-de-prision-para-los-51-acusados-por-violacion-a-gisele-pelicot\/","title":{"rendered":"La Fiscal\u00eda de Francia pide entre cuatro y 20 a\u00f1os de prisi\u00f3n para los 51 acusados por violaci\u00f3n a Gis\u00e8le Pelicot"},"content":{"rendered":"\n<p>La Fiscal\u00eda del Tribunal de Avi\u00f1\u00f3n, que juzga el caso de\u00a0Dominique Pelicot\u00a0(71 a\u00f1os), el marido que drog\u00f3 a su esposa Gis\u00e8le (71 a\u00f1os), entre 2011 y 2020, en su domicilio familiar, en Mazan (Vaucluse), para fotografiar y filmar centenares de violaciones, termin\u00f3 la ma\u00f1ana del mi\u00e9rcoles su requisitoria contra otros 51 acusados,\u00a0<strong>pidiendo penas de c\u00e1rcel de cuatro a veinte a\u00f1os<\/strong>.<\/p>\n\n\n\n<p>La fiscal\u00eda pidi\u00f3 la semana pasada veinte a\u00f1os de prisi\u00f3n, la pena m\u00e1xima seg\u00fan el C\u00f3digo penal vigente, para Dominique Pelicot, calificado de\u00a0<strong>\u00abhombre orquesta\u00bb de las violaciones de su propia esposa<\/strong>, \u00abhombre perverso, egoc\u00e9ntrico, perturbado, con numerosas desviaciones sexuales, sin ning\u00fan l\u00edmite ni considerado de la v\u00edctima violada,\u00a0su propia esposa\u00ab.<\/p>\n\n\n\n<p>En total Gis\u00e8le Pelicot fue violada por m\u00e1s de un centenar de hombres, pero solo 51 fueron detenidos y son juzgados.<\/p>\n\n\n\n<p><strong>La pena m\u00ednima pedi<\/strong>da por la Fiscal\u00eda ha sido de cuatro a\u00f1os de c\u00e1rcel para Joseph C. (69 a\u00f1os), perseguido por agresiones sexuales sin violaci\u00f3n. En su larga y minuciosa requisitoria, las fiscales han pedido para el resto de los acusados diez a\u00f1os de c\u00e1rcel para once acusados, once a\u00f1os para dos, doce a\u00f1os para trece, trece a\u00f1os para seis, catorce a\u00f1os para seis, quince a\u00f1os para tres, diecis\u00e9is a\u00f1os para cuatro, diecisiete a\u00f1os para tres y dieciocho a\u00f1os para el \u00faltimo acusado.<\/p>\n\n\n\n<p>En su requisitoria final, la fiscal Laure Chabaud subray\u00f3 un problema moral de fondo, la&nbsp;<strong>\u00abinadaptaci\u00f3n\u00bb del C\u00f3digo penal ante un caso tan atroz<\/strong>, con esta declaraci\u00f3n: \u00abTengas la edad que tengas, veinte a\u00f1os de c\u00e1rcel es mucho. Una condena a veinte a\u00f1os, como la requerida contra Dominique Pelicot, es, a la vez, mucho y poco. Demasiado poco, teniendo en cuenta los actos cometidos y repetidos\u00bb.<\/p>\n\n\n\n<h3 class=\"wp-block-heading\">Violaciones sadomasoquistas<\/h3>\n\n\n\n<p>Los \u00abactos cometidos y repetidos\u00bb,&nbsp;<a href=\"https:\/\/www.abc.es\/sociedad\/acusado-violar-gisele-pelicot-francia-reconoce-nunca-20240919145231-nt.html\">violaciones sadomasoquistas<\/a>&nbsp;contra una mujer drogada por su propio esposo, fueron confirmados y expuestos al p\u00fablico que ha asistido al proceso. A partir de ese testimonio, atroz, la Fiscal\u00eda espera que el proceso y las sentencias,&nbsp;<strong>a finales de a\u00f1o,<\/strong>&nbsp;previsiblemente, tengan una \u00abdimensi\u00f3n hist\u00f3rica\u00bb.<\/p>\n\n\n\n<p>Jean-Fran\u00e7ois Mayet, fiscal adjunto, justific\u00f3 esa opini\u00f3n, muy compartida, por estas razones: \u00ab<strong>La violaci\u00f3n ordinaria o accidental no existe<\/strong>. Este proceso debe cambiar de manera fundamental las relaciones entre hombres y mujeres\u00ab.<\/p>\n\n\n\n<p>Dirigi\u00e9ndose a la presidencia del Tribunal de Avi\u00f1\u00f3n, Mayet agreg\u00f3: \u00abPara algunos de los acusados quiz\u00e1 se ha podido observar alguna forma de toma de conciencia de sus delitos. Pero, en conjunto, se ha desprendido la idea de una suerte de \u00bbcomuni\u00f3n\u00ab entre los acusados, violadores, hablando con una \u00bbligereza\u00ab peor que inapropiada. El n\u00famero de los acusados no es un reflejo de su inocencia. Bien al contrario,&nbsp;<strong>es un reflejo de la magnitud impresionante del combate iniciado y que debemos continuar tras este proceso<\/strong>\u00ab.<\/p>\n\n\n\n<p>La Fiscal\u00eda termin\u00f3 su requisitoria con un llamamiento moral, a la sociedad, y a los hombres, en particular: \u00abLa sentencia deber\u00e1 poner de manifiesto que la violacil\u00f3n ordinaria o accidental no existe. Es imprescindible enviar un mensaje a todas las mujeres&nbsp;<a href=\"https:\/\/www.abc.es\/espana\/andalucia\/cordoba\/3000-personas-claman-violencia-machista-cordoba-20241124152403-nts.html\">v\u00edctimas de violencias sexuales<\/a>. A los hombres debemos decirles que tambi\u00e9n deben comprometerse en este combate. Y la educaci\u00f3n deber\u00e1 impulsar el cambio profundo que reclama nuestra sociedad\u00ab.<\/p>\n","protected":false},"excerpt":{"rendered":"<p>La Fiscal\u00eda del Tribunal de Avi\u00f1\u00f3n, que juzga el caso de\u00a0Dominique Pelicot\u00a0(71 a\u00f1os), el marido que drog\u00f3 a su esposa Gis\u00e8le (71 a\u00f1os), entre 2011 y 2020, en su domicilio familiar, en Mazan (Vaucluse), para fotografiar y filmar centenares de violaciones, termin\u00f3 la ma\u00f1ana del mi\u00e9rcoles su requisitoria contra otros 51 acusados,\u00a0pidiendo penas de c\u00e1rcel [&hellip;]<\/p>\n","protected":false},"author":2,"featured_media":135171,"comment_status":"open","ping_status":"open","sticky":false,"template":"","format":"standard","meta":{"footnotes":""},"categories":[23],"tags":[],"class_list":["post-135170","post","type-post","status-publish","format-standard","has-post-thumbnail","hentry","category-policiacas"],"_links":{"self":[{"href":"http:\/\/elcuartopoder.com.mx\/nw\/wp-json\/wp\/v2\/posts\/135170","targetHints":{"allow":["GET"]}}],"collection":[{"href":"http:\/\/elcuartopoder.com.mx\/nw\/wp-json\/wp\/v2\/posts"}],"about":[{"href":"http:\/\/elcuartopoder.com.mx\/nw\/wp-json\/wp\/v2\/types\/post"}],"author":[{"embeddable":true,"href":"http:\/\/elcuartopoder.com.mx\/nw\/wp-json\/wp\/v2\/users\/2"}],"replies":[{"embeddable":true,"href":"http:\/\/elcuartopoder.com.mx\/nw\/wp-json\/wp\/v2\/comments?post=135170"}],"version-history":[{"count":1,"href":"http:\/\/elcuartopoder.com.mx\/nw\/wp-json\/wp\/v2\/posts\/135170\/revisions"}],"predecessor-version":[{"id":135172,"href":"http:\/\/elcuartopoder.com.mx\/nw\/wp-json\/wp\/v2\/posts\/135170\/revisions\/135172"}],"wp:featuredmedia":[{"embeddable":true,"href":"http:\/\/elcuartopoder.com.mx\/nw\/wp-json\/wp\/v2\/media\/135171"}],"wp:attachment":[{"href":"http:\/\/elcuartopoder.com.mx\/nw\/wp-json\/wp\/v2\/media?parent=135170"}],"wp:term":[{"taxonomy":"category","embeddable":true,"href":"http:\/\/elcuartopoder.com.mx\/nw\/wp-json\/wp\/v2\/categories?post=135170"},{"taxonomy":"post_tag","embeddable":true,"href":"http:\/\/elcuartopoder.com.mx\/nw\/wp-json\/wp\/v2\/tags?post=135170"}],"curies":[{"name":"wp","href":"https:\/\/api.w.org\/{rel}","templated":true}]}}