{"id":135187,"date":"2024-11-28T16:15:39","date_gmt":"2024-11-28T21:15:39","guid":{"rendered":"https:\/\/elcuartopoder.com.mx\/nw\/?p=135187"},"modified":"2024-11-28T16:15:42","modified_gmt":"2024-11-28T21:15:42","slug":"buscas-una-guayabera-de-buena-calidad-viene-la-feria-navidena-de-tekit","status":"publish","type":"post","link":"http:\/\/elcuartopoder.com.mx\/nw\/nacionales\/buscas-una-guayabera-de-buena-calidad-viene-la-feria-navidena-de-tekit\/","title":{"rendered":"\u00bfBuscas una guayabera de buena calidad? Viene la Feria Navide\u00f1a de Tekit"},"content":{"rendered":"\n<p>El&nbsp;<strong>municipio de Tekit<\/strong>, reconocido por su tradici\u00f3n en la<strong>&nbsp;fabricaci\u00f3n de guayaberas<\/strong>&nbsp;y su rica cultura local, da un paso importante para posicionarse como uno de los principales destinos tur\u00edsticos de Yucat\u00e1n.<\/p>\n\n\n\n<p>Por ese motivo, ayer se present\u00f3 en rueda de prensa la<strong>&nbsp;Feria Navide\u00f1a de Tekit,<\/strong>&nbsp;Capital de la Guayabera, edici\u00f3n M\u00e9rida y Tekit, al igual que la plataforma Visita Tekit, que tiene como objetivo fortalecer la oferta tur\u00edstica local y atraer visitantes de todo el mundo durante todo el a\u00f1o.<\/p>\n\n\n\n<p>Durante la presentaci\u00f3n en la C\u00e1mara Nacional de la Industria del Vestido (Canaive), delegaci\u00f3n Yucat\u00e1n, se cont\u00f3 con la presencia de personalidades del Gobierno, la industria tur\u00edstica y el sector empresarial, as\u00ed como los 44 productores y productoras de Tekit y de los de ambas ediciones.<\/p>\n\n\n\n<p>En el evento se presentaron las fechas, horarios y actividades que se realizar\u00e1n durante la citada&nbsp;<strong>Feria Navide\u00f1a<\/strong>, y la plataforma Visita Tekit, que busca promover los productos tur\u00edsticos locales, desde la guayabera hasta las tradiciones m\u00e1s emblem\u00e1ticas del municipio.<\/p>\n\n\n\n<p><strong>Actividades<\/strong><\/p>\n\n\n\n<p><strong>En M\u00e9rida:<\/strong>&nbsp;del 16 al 23 de diciembre, de 10:00 am a 10:00 pm, en el Parque de Santa Ana, con la participaci\u00f3n de 24 productores locales.<\/p>\n\n\n\n<p><strong>En Tekit:<\/strong>&nbsp;del 14 al 24 y del 27 al 30 de diciembre, de 10:00 am a 9:00 pm, en la plaza principal, con 44 productores.<\/p>\n\n\n\n<p>Durante esos d\u00edas, los productores estar\u00e1n ofreciendo cerca de 40 mil prendas para toda la familia, con lo cual se impulsar\u00e1 la econom\u00eda de m\u00e1s de 200 familias que dependen de la confecci\u00f3n de guayaberas y ropa t\u00edpica, as\u00ed como la elaboraci\u00f3n de artesan\u00edas.<\/p>\n\n\n\n<p>La IV edici\u00f3n de la Feria Navide\u00f1a de Tekit, en M\u00e9rida y en Tekit, \u201ces una oportunidad para que conozcan la calidad de los productos que sea realizan en nuestro municipio, con los mejores precios y calidades para los yucatecos y quienes nos visitan. Venir a Tekit es apoyar a las y los artesanos y consolidar el comercio local, les esperamos con los brazos abiertos en la Capital de la Guayabera\u201d, afirm\u00f3 Porfirio Chabl\u00e9 Chim, productor participante de las ferias.<\/p>\n\n\n\n<p>En tanto, Gerardo Gonz\u00e1lez Morales, presidente de la Canaive, coment\u00f3 que \u201cla Feria Navide\u00f1a de Tekit representa no s\u00f3lo un escaparate para los productos tradicionales, sino tambi\u00e9n una apuesta por el turismo sostenible y responsable. Estamos emocionados de apoyar este tipo de iniciativas que ayudan a fortalecer las econom\u00edas locales.\u201d<\/p>\n\n\n\n<figure class=\"wp-block-image\"><img decoding=\"async\" src=\"https:\/\/images.sipse.com\/VIjjrH12MSwZ-rHz1gjFuUbBzus=\/fit-in\/580x500\/2024\/11\/26\/1732661235992.jpg\" alt=\"\"\/><\/figure>\n\n\n\n<p>La presentaci\u00f3n de la plataforma Visita Tekit estuvo a cargo del director de Turismo de ese municipio, Jorge Su\u00e1rez May, quien afirm\u00f3 que ser\u00e1 una herramienta clave para atraer turistas durante todo el a\u00f1o, destacando los principales atractivos tur\u00edsticos del municipio.<br>\u201cBuscamos ofrecer un espacio continuo donde los turistas puedan descubrir nuestras costumbres, tradiciones y productos durante todo el a\u00f1o. Tekit tiene mucho que ofrecer, y estamos comprometidos en que cada visitante se lleve una experiencia \u00fanica\u201d, afirm\u00f3 Su\u00e1rez May.<\/p>\n\n\n\n<p>Por su parte, Jos\u00e9 Sosa Hern\u00e1ndez, alcalde de Tekit, manifest\u00f3 que \u201cla feria es el resultado de un trabajo conjunto entre autoridades, productores y empresarios, con el objetivo de promover nuestra identidad y generar nuevas oportunidades de desarrollo para Tekit, y esperamos que Visita Tekit sea un referente para el turismo en Yucat\u00e1n\u201d.<\/p>\n\n\n\n<p>Se inform\u00f3 que en los pr\u00f3ximos d\u00edas se realizar\u00e1 el lanzamiento de esta plataforma en las redes sociales. En Facebook e Instagram se puede encontrar como&nbsp;<strong>Visita Tekit<\/strong>, e invitaron a usar el hashtag con el mismo nombre.<\/p>\n","protected":false},"excerpt":{"rendered":"<p>El&nbsp;municipio de Tekit, reconocido por su tradici\u00f3n en la&nbsp;fabricaci\u00f3n de guayaberas&nbsp;y su rica cultura local, da un paso importante para posicionarse como uno de los principales destinos tur\u00edsticos de Yucat\u00e1n. Por ese motivo, ayer se present\u00f3 en rueda de prensa la&nbsp;Feria Navide\u00f1a de Tekit,&nbsp;Capital de la Guayabera, edici\u00f3n M\u00e9rida y Tekit, al igual que la [&hellip;]<\/p>\n","protected":false},"author":2,"featured_media":135188,"comment_status":"open","ping_status":"open","sticky":false,"template":"","format":"standard","meta":{"footnotes":""},"categories":[55],"tags":[],"class_list":["post-135187","post","type-post","status-publish","format-standard","has-post-thumbnail","hentry","category-nacionales"],"_links":{"self":[{"href":"http:\/\/elcuartopoder.com.mx\/nw\/wp-json\/wp\/v2\/posts\/135187","targetHints":{"allow":["GET"]}}],"collection":[{"href":"http:\/\/elcuartopoder.com.mx\/nw\/wp-json\/wp\/v2\/posts"}],"about":[{"href":"http:\/\/elcuartopoder.com.mx\/nw\/wp-json\/wp\/v2\/types\/post"}],"author":[{"embeddable":true,"href":"http:\/\/elcuartopoder.com.mx\/nw\/wp-json\/wp\/v2\/users\/2"}],"replies":[{"embeddable":true,"href":"http:\/\/elcuartopoder.com.mx\/nw\/wp-json\/wp\/v2\/comments?post=135187"}],"version-history":[{"count":1,"href":"http:\/\/elcuartopoder.com.mx\/nw\/wp-json\/wp\/v2\/posts\/135187\/revisions"}],"predecessor-version":[{"id":135189,"href":"http:\/\/elcuartopoder.com.mx\/nw\/wp-json\/wp\/v2\/posts\/135187\/revisions\/135189"}],"wp:featuredmedia":[{"embeddable":true,"href":"http:\/\/elcuartopoder.com.mx\/nw\/wp-json\/wp\/v2\/media\/135188"}],"wp:attachment":[{"href":"http:\/\/elcuartopoder.com.mx\/nw\/wp-json\/wp\/v2\/media?parent=135187"}],"wp:term":[{"taxonomy":"category","embeddable":true,"href":"http:\/\/elcuartopoder.com.mx\/nw\/wp-json\/wp\/v2\/categories?post=135187"},{"taxonomy":"post_tag","embeddable":true,"href":"http:\/\/elcuartopoder.com.mx\/nw\/wp-json\/wp\/v2\/tags?post=135187"}],"curies":[{"name":"wp","href":"https:\/\/api.w.org\/{rel}","templated":true}]}}