{"id":135190,"date":"2024-11-28T16:18:15","date_gmt":"2024-11-28T21:18:15","guid":{"rendered":"https:\/\/elcuartopoder.com.mx\/nw\/?p=135190"},"modified":"2024-11-28T16:18:17","modified_gmt":"2024-11-28T21:18:17","slug":"circo-teatro-y-danza-en-la-noche-blanca-en-merida","status":"publish","type":"post","link":"http:\/\/elcuartopoder.com.mx\/nw\/destacadas\/circo-teatro-y-danza-en-la-noche-blanca-en-merida\/","title":{"rendered":"Circo, teatro y danza en la Noche Blanca en M\u00e9rida"},"content":{"rendered":"\n<p>La subsecretaria de identidad y cultura del ayuntamiento Claudia Chapa Cort\u00e9s acompa\u00f1ada de mujeres representantes de la comunidad art\u00edstica, presentaron las obras de artes esc\u00e9nicas que se presentar\u00e1n en la<strong>&nbsp;Noche Blanca<\/strong>&nbsp;as\u00ed como en la V\u00edspera a celebrarse este fin de semana.<\/p>\n\n\n\n<p>En conferencia de prensa la representante de la dependencia municipal, dijo que se tiene muchas actividades de teatro, danza e interdisciplina, y adelant\u00f3 que habr\u00e1 la presentaci\u00f3n de<strong>&nbsp;Circo \u201cC\u00eda.Ilaii\u201d<\/strong>&nbsp;en la inauguraci\u00f3n formal de la<strong>&nbsp;Noche Blanca<\/strong>&nbsp;en el remate de Paseo de Montejo, de igual manera se tendr\u00e1n 8 presentaciones infantiles y cuatro presentaciones de&nbsp;<strong>teatro regional en la V\u00edspera.<\/strong><\/p>\n\n\n\n<p>Las presentaciones de infantiles son \u201cRamiro el ave que viaj\u00f3 a la luna\u201d, \u201cHistorias de do\u00f1a Pil\u201d, \u201cNoche divertida\u201d, \u201cCho\u2019obak: limpia de osamenta\u201d, \u201cMomo de t\u00edtere Planet\u201d y la \u201cNavidad del Se\u00f1or Scrooge\u201d.<\/p>\n\n\n\n<p>El teatro regional estar\u00e1 representado con \u201cDos g\u00fciros de m\u00e1s carne que hueso\u201d en la V\u00edspera tambi\u00e9n la presentaci\u00f3n de \u201cMi cuerpo y mi vestuario reserva del comentario\u201d de compa\u00f1\u00edas sentidos esc\u00e9nicos, \u201cPatiqui\u201d y Cuxun con \u201cEl Secreto de mi hamaca\u201d.<\/p>\n\n\n\n<p>En general las artes esc\u00e9nicas ser\u00e1n ocho eventos de danza, en espec\u00edfico ser\u00e1n 8 presentaciones de teatro infantil, cuatro presentaciones de trato regional, dos de circo, ocho de teatro y 920 multidisciplinarios; al cuestionar a la funcionaria sobre el cupo y afluencia esperada coment\u00f3: \u201cTenemos la fortuna de contar con un mont\u00f3n de espacios de muy buen foro, estamos invitando a todo el mundo que nos acompa\u00f1e y podamos tener teatros llenos y espacios p\u00fablicos llenos\u201d.<\/p>\n\n\n\n<h2 class=\"wp-block-heading\">\u00bfD\u00f3nde estar\u00e1n los espect\u00e1culos?&nbsp;<\/h2>\n\n\n\n<p>De los espacios p\u00fablicos que tendr\u00e1n uso en la V\u00edspera y Noche Blanca son: San Juan, Teatro Armando Manzanero, Teatro Universitario, el Museo de la Luz el Museo, el Museo de Ferrocarriles, la Ermita y el remate de Paseo de Montejo.<\/p>\n","protected":false},"excerpt":{"rendered":"<p>La subsecretaria de identidad y cultura del ayuntamiento Claudia Chapa Cort\u00e9s acompa\u00f1ada de mujeres representantes de la comunidad art\u00edstica, presentaron las obras de artes esc\u00e9nicas que se presentar\u00e1n en la&nbsp;Noche Blanca&nbsp;as\u00ed como en la V\u00edspera a celebrarse este fin de semana. En conferencia de prensa la representante de la dependencia municipal, dijo que se tiene [&hellip;]<\/p>\n","protected":false},"author":2,"featured_media":135191,"comment_status":"open","ping_status":"open","sticky":false,"template":"","format":"standard","meta":{"footnotes":""},"categories":[59],"tags":[],"class_list":["post-135190","post","type-post","status-publish","format-standard","has-post-thumbnail","hentry","category-destacadas"],"_links":{"self":[{"href":"http:\/\/elcuartopoder.com.mx\/nw\/wp-json\/wp\/v2\/posts\/135190","targetHints":{"allow":["GET"]}}],"collection":[{"href":"http:\/\/elcuartopoder.com.mx\/nw\/wp-json\/wp\/v2\/posts"}],"about":[{"href":"http:\/\/elcuartopoder.com.mx\/nw\/wp-json\/wp\/v2\/types\/post"}],"author":[{"embeddable":true,"href":"http:\/\/elcuartopoder.com.mx\/nw\/wp-json\/wp\/v2\/users\/2"}],"replies":[{"embeddable":true,"href":"http:\/\/elcuartopoder.com.mx\/nw\/wp-json\/wp\/v2\/comments?post=135190"}],"version-history":[{"count":1,"href":"http:\/\/elcuartopoder.com.mx\/nw\/wp-json\/wp\/v2\/posts\/135190\/revisions"}],"predecessor-version":[{"id":135192,"href":"http:\/\/elcuartopoder.com.mx\/nw\/wp-json\/wp\/v2\/posts\/135190\/revisions\/135192"}],"wp:featuredmedia":[{"embeddable":true,"href":"http:\/\/elcuartopoder.com.mx\/nw\/wp-json\/wp\/v2\/media\/135191"}],"wp:attachment":[{"href":"http:\/\/elcuartopoder.com.mx\/nw\/wp-json\/wp\/v2\/media?parent=135190"}],"wp:term":[{"taxonomy":"category","embeddable":true,"href":"http:\/\/elcuartopoder.com.mx\/nw\/wp-json\/wp\/v2\/categories?post=135190"},{"taxonomy":"post_tag","embeddable":true,"href":"http:\/\/elcuartopoder.com.mx\/nw\/wp-json\/wp\/v2\/tags?post=135190"}],"curies":[{"name":"wp","href":"https:\/\/api.w.org\/{rel}","templated":true}]}}