{"id":135212,"date":"2024-11-29T09:18:53","date_gmt":"2024-11-29T14:18:53","guid":{"rendered":"https:\/\/elcuartopoder.com.mx\/nw\/?p=135212"},"modified":"2024-11-29T09:18:54","modified_gmt":"2024-11-29T14:18:54","slug":"la-privatizacion-de-grupo-elektra","status":"publish","type":"post","link":"http:\/\/elcuartopoder.com.mx\/nw\/editorial\/la-privatizacion-de-grupo-elektra\/","title":{"rendered":"La privatizaci\u00f3n de Grupo Elektra"},"content":{"rendered":"\n<p>No es fen\u00f3meno nuevo que empresas mexicanas que cotizaban en la&nbsp;<strong>Bolsa Mexicana de Valores<\/strong>&nbsp;decidan desenlistarse de ella. Varias lo han hecho en los \u00faltimos a\u00f1os, como&nbsp;<strong>Rassini, Sanborns, BioPappel, Elementia, Fortaleza, Grupo Lala, Aerom\u00e9xico<\/strong>&nbsp;y muchas m\u00e1s. La bolsa dej\u00f3 de cumplir el papel de ser un veh\u00edculo para obtener una buena valuaci\u00f3n para ellas, y las recientes adecuaciones a la Ley del Mercado de Valores no mejoraron esta situaci\u00f3n.<\/p>\n\n\n\n<p>Las empresas suelen financiarse a trav\u00e9s del mercado de capitales cuando, al salir a cotizar, el valor de capitalizaci\u00f3n se ir\u00e1 para arriba. Nadie quiere estar en un mercado donde el valor desciende.<\/p>\n\n\n\n<p><strong>El anuncio de Elektra, de Ricardo Salinas Pliego<\/strong>, obedece a esta circunstancia, en la que ya no fue posible maximizar el valor y en la que los accionistas no vieron reflejado todo el aporte que la empresa ha hecho alrededor de los activos digitales, tecnol\u00f3gicos y f\u00edsicos con los que trabaja. Su operaci\u00f3n geogr\u00e1fica y sus capacidades operativas estuvieron pobremente reflejadas en el valor de la firma.&nbsp;Por eso sale de la&nbsp;<strong>BMV<\/strong>.<\/p>\n\n\n\n<p>Esta decisi\u00f3n deber\u00eda ser un llamado de atenci\u00f3n en M\u00e9xico. La empresa dijo que buscar\u00e1 encontrar otro mercado donde la valuaci\u00f3n sea real y donde se refleje, en favor de los inversionistas, el valor verdadero de todo lo que generan sus unidades de negocio. La empresa est\u00e1 enfocada en generar prosperidad incluyente y sustentabilidad de largo plazo, y esto no ha quedado acreditado con las valuaciones que provee el mercado de valores local en M\u00e9xico. Ayer Elektra tambi\u00e9n destac\u00f3 en su comunicaci\u00f3n oficial que se reorganizar\u00e1 estrat\u00e9gicamente, para lo cual integrar\u00e1 un nuevo Consejo de Administraci\u00f3n. Habr\u00e1 que esperar esa designaci\u00f3n, as\u00ed como la nueva visi\u00f3n de largo plazo que surja de ese Consejo. Bien.<\/p>\n\n\n\n<h2 class=\"wp-block-heading\"><strong>CONSEJO ASESOR<\/strong><\/h2>\n\n\n\n<p>El Consejo Asesor que present\u00f3 Altagracia G\u00f3mez Sierra ayer es de 10 en su componente empresarial. Si tan solo las capacidades de Grupo Alfa, de Armando Garza; Lala, de Eduardo Tricio; Jos\u00e9 Cuervo, de Domingo Beckman; o Softek, de Blanca Trevi\u00f1o, son desdobladas para contagiar la estrategia de relocalizaci\u00f3n que persigue el gobierno de Claudia Sheinbaum, tendremos recomendaciones de alta precisi\u00f3n para ello y para detonar los famosos polos de desarrollo. El desaf\u00edo es que la ejecuci\u00f3n sea expedita y certera, porque el Gobierno prob\u00f3 que es veloz constructor en el sexenio pasado, pero mantiene desaf\u00edos operativos en sus emprendimientos.<\/p>\n\n\n\n<h2 class=\"wp-block-heading\"><strong>VIVA<\/strong><\/h2>\n\n\n\n<p>La aerol\u00ednea Viva -antes \u201cViva Aerob\u00fas\u201d-, que dirige Juan Carlos Zuazua, inaugur\u00f3 sus nuevos mostradores en la Puerta 5 de la Terminal 1 del AICM, enfatizando su nueva imagen. La zona incluye quioscos de autodocumentaci\u00f3n. La empresa dijo que en diciembre ofertar\u00e1 un mill\u00f3n 200 mil asientos. Crece.<\/p>\n\n\n\n<p>POR: CARLOS MOTA<\/p>\n","protected":false},"excerpt":{"rendered":"<p>No es fen\u00f3meno nuevo que empresas mexicanas que cotizaban en la&nbsp;Bolsa Mexicana de Valores&nbsp;decidan desenlistarse de ella. Varias lo han hecho en los \u00faltimos a\u00f1os, como&nbsp;Rassini, Sanborns, BioPappel, Elementia, Fortaleza, Grupo Lala, Aerom\u00e9xico&nbsp;y muchas m\u00e1s. La bolsa dej\u00f3 de cumplir el papel de ser un veh\u00edculo para obtener una buena valuaci\u00f3n para ellas, y las [&hellip;]<\/p>\n","protected":false},"author":2,"featured_media":135213,"comment_status":"open","ping_status":"open","sticky":false,"template":"","format":"standard","meta":{"footnotes":""},"categories":[63],"tags":[],"class_list":["post-135212","post","type-post","status-publish","format-standard","has-post-thumbnail","hentry","category-editorial"],"_links":{"self":[{"href":"http:\/\/elcuartopoder.com.mx\/nw\/wp-json\/wp\/v2\/posts\/135212","targetHints":{"allow":["GET"]}}],"collection":[{"href":"http:\/\/elcuartopoder.com.mx\/nw\/wp-json\/wp\/v2\/posts"}],"about":[{"href":"http:\/\/elcuartopoder.com.mx\/nw\/wp-json\/wp\/v2\/types\/post"}],"author":[{"embeddable":true,"href":"http:\/\/elcuartopoder.com.mx\/nw\/wp-json\/wp\/v2\/users\/2"}],"replies":[{"embeddable":true,"href":"http:\/\/elcuartopoder.com.mx\/nw\/wp-json\/wp\/v2\/comments?post=135212"}],"version-history":[{"count":1,"href":"http:\/\/elcuartopoder.com.mx\/nw\/wp-json\/wp\/v2\/posts\/135212\/revisions"}],"predecessor-version":[{"id":135214,"href":"http:\/\/elcuartopoder.com.mx\/nw\/wp-json\/wp\/v2\/posts\/135212\/revisions\/135214"}],"wp:featuredmedia":[{"embeddable":true,"href":"http:\/\/elcuartopoder.com.mx\/nw\/wp-json\/wp\/v2\/media\/135213"}],"wp:attachment":[{"href":"http:\/\/elcuartopoder.com.mx\/nw\/wp-json\/wp\/v2\/media?parent=135212"}],"wp:term":[{"taxonomy":"category","embeddable":true,"href":"http:\/\/elcuartopoder.com.mx\/nw\/wp-json\/wp\/v2\/categories?post=135212"},{"taxonomy":"post_tag","embeddable":true,"href":"http:\/\/elcuartopoder.com.mx\/nw\/wp-json\/wp\/v2\/tags?post=135212"}],"curies":[{"name":"wp","href":"https:\/\/api.w.org\/{rel}","templated":true}]}}