{"id":135227,"date":"2024-11-29T14:42:02","date_gmt":"2024-11-29T19:42:02","guid":{"rendered":"https:\/\/elcuartopoder.com.mx\/nw\/?p=135227"},"modified":"2024-11-29T14:42:04","modified_gmt":"2024-11-29T19:42:04","slug":"tras-cateo-a-taxistas-lider-seguira-de-secretario-del-ayuntamiento-de-solidaridad","status":"publish","type":"post","link":"http:\/\/elcuartopoder.com.mx\/nw\/municipales\/tras-cateo-a-taxistas-lider-seguira-de-secretario-del-ayuntamiento-de-solidaridad\/","title":{"rendered":"Tras cateo a taxistas, l\u00edder seguir\u00e1 de secretario del ayuntamiento de Solidaridad"},"content":{"rendered":"\n<p>Pese al cateo practicado por la noche del mi\u00e9rcoles en la sede del&nbsp;<strong>sindicato de taxistas L\u00e1zaro C\u00e1rdenas del R\u00edo<\/strong>&nbsp;cuyo dirigente es Luis Herrera Quiam, \u00e9ste se mantendr\u00e1 tambi\u00e9n en el cargo de secretario general del ayuntamiento de Solidaridad.&nbsp;<\/p>\n\n\n\n<p>La presidenta municipal&nbsp;<strong>Estefan\u00eda Mercado Asencio<\/strong>, sin dar m\u00e1s detalles, dijo que la diligencia ministerial no involucra al funcionario, sino a otros miembros de esta organizaci\u00f3n gremial.<\/p>\n\n\n\n<blockquote class=\"wp-block-quote is-layout-flow wp-block-quote-is-layout-flow\">\n<p>\u201cEn el sindicato de taxistas, como en cualquier organizaci\u00f3n (&#8230;) tenemos gente comprometida y gente que no est\u00e1 comprometida (&#8230;) el secretario se ha mostrado muy colaborativo con la autoridad que cualquier tema en el caso de que no se cumpla la ley, se le d\u00e9 seguimiento (&#8230;) el secretario Luis Herrera Quiam se mantiene como secretario general de este ayuntamiento\u201d, dijo Mercado Asencio.<\/p>\n<\/blockquote>\n\n\n\n<p>Luis Herrera es l\u00edder taxista y secretario general del ayuntamiento de Solidaridad, el encargado de la pol\u00edtica interna en el cuerpo colegiado y principal coordinador de los trabajos para la<strong>&nbsp;elaboraci\u00f3n de reglamentos que llevan a cabo los integrantes del cabildo local<\/strong>.<\/p>\n\n\n\n<p>Todo lo anterior es en el contexto de que el pasado mi\u00e9rcoles, alrededor de las 22 horas, ocurri\u00f3 un cateo en la&nbsp;<strong>sede sindical ubicada al sur de Playa del Carmen<\/strong>, frente a Xcaret.<\/p>\n\n\n\n<blockquote class=\"wp-block-quote is-layout-flow wp-block-quote-is-layout-flow\">\n<p>De acuerdo con reportes, intervinieron elementos de la polic\u00eda de Solidaridad, Guardia Nacional y polic\u00eda ministerial de la Fiscal\u00eda General del Estado de Quintana Roo.<\/p>\n<\/blockquote>\n\n\n\n<p>Este medio de comunicaci\u00f3n solicit\u00f3 informaci\u00f3n al \u00f3rgano procurador de justicia sobre este cateo. Se inform\u00f3 que se publicar\u00eda informaci\u00f3n oficial; aunque hasta la redacci\u00f3n de esta nota informativa no ha ocurrido.<\/p>\n\n\n\n<blockquote class=\"wp-block-quote is-layout-flow wp-block-quote-is-layout-flow\">\n<p>\u201cEn el sindicato, as\u00ed como tenemos gente buena, tambi\u00e9n tenemos gente que no est\u00e1 comprometida con los valores y principios que significa servir, no s\u00f3lo sucede en el sindicato, tambi\u00e9n sucede en cualquier lugar. Si en este gobierno detectamos alguien que no est\u00e9 cumpliendo las reglas, se va\u201d, reiter\u00f3 Mercado Asencio.<\/p>\n<\/blockquote>\n\n\n\n<p>Se trata de la&nbsp;<strong>tercera intervenci\u00f3n judicial<\/strong>&nbsp;relacionada con una dirigencia de los sindicatos de taxistas en el norte de Quintana Roo, en menos de tres meses.<\/p>\n\n\n\n<p>Antes ocurri\u00f3 algo similar con el<strong>&nbsp;sindicato Tiburones del Caribe de Tulum y el caso m\u00e1s fuerte,<\/strong>&nbsp;con la dirigencia del sindicato Andr\u00e9s Quintana Roo de Canc\u00fan.<\/p>\n","protected":false},"excerpt":{"rendered":"<p>Pese al cateo practicado por la noche del mi\u00e9rcoles en la sede del&nbsp;sindicato de taxistas L\u00e1zaro C\u00e1rdenas del R\u00edo&nbsp;cuyo dirigente es Luis Herrera Quiam, \u00e9ste se mantendr\u00e1 tambi\u00e9n en el cargo de secretario general del ayuntamiento de Solidaridad.&nbsp; La presidenta municipal&nbsp;Estefan\u00eda Mercado Asencio, sin dar m\u00e1s detalles, dijo que la diligencia ministerial no involucra al [&hellip;]<\/p>\n","protected":false},"author":2,"featured_media":135228,"comment_status":"open","ping_status":"open","sticky":false,"template":"","format":"standard","meta":{"footnotes":""},"categories":[6],"tags":[],"class_list":["post-135227","post","type-post","status-publish","format-standard","has-post-thumbnail","hentry","category-municipales"],"_links":{"self":[{"href":"http:\/\/elcuartopoder.com.mx\/nw\/wp-json\/wp\/v2\/posts\/135227","targetHints":{"allow":["GET"]}}],"collection":[{"href":"http:\/\/elcuartopoder.com.mx\/nw\/wp-json\/wp\/v2\/posts"}],"about":[{"href":"http:\/\/elcuartopoder.com.mx\/nw\/wp-json\/wp\/v2\/types\/post"}],"author":[{"embeddable":true,"href":"http:\/\/elcuartopoder.com.mx\/nw\/wp-json\/wp\/v2\/users\/2"}],"replies":[{"embeddable":true,"href":"http:\/\/elcuartopoder.com.mx\/nw\/wp-json\/wp\/v2\/comments?post=135227"}],"version-history":[{"count":1,"href":"http:\/\/elcuartopoder.com.mx\/nw\/wp-json\/wp\/v2\/posts\/135227\/revisions"}],"predecessor-version":[{"id":135229,"href":"http:\/\/elcuartopoder.com.mx\/nw\/wp-json\/wp\/v2\/posts\/135227\/revisions\/135229"}],"wp:featuredmedia":[{"embeddable":true,"href":"http:\/\/elcuartopoder.com.mx\/nw\/wp-json\/wp\/v2\/media\/135228"}],"wp:attachment":[{"href":"http:\/\/elcuartopoder.com.mx\/nw\/wp-json\/wp\/v2\/media?parent=135227"}],"wp:term":[{"taxonomy":"category","embeddable":true,"href":"http:\/\/elcuartopoder.com.mx\/nw\/wp-json\/wp\/v2\/categories?post=135227"},{"taxonomy":"post_tag","embeddable":true,"href":"http:\/\/elcuartopoder.com.mx\/nw\/wp-json\/wp\/v2\/tags?post=135227"}],"curies":[{"name":"wp","href":"https:\/\/api.w.org\/{rel}","templated":true}]}}