{"id":135230,"date":"2024-11-29T14:43:40","date_gmt":"2024-11-29T19:43:40","guid":{"rendered":"https:\/\/elcuartopoder.com.mx\/nw\/?p=135230"},"modified":"2024-11-29T14:43:42","modified_gmt":"2024-11-29T19:43:42","slug":"protesta-contra-la-cfe-bloquean-carretera-en-carrillo-puerto","status":"publish","type":"post","link":"http:\/\/elcuartopoder.com.mx\/nw\/municipales\/protesta-contra-la-cfe-bloquean-carretera-en-carrillo-puerto\/","title":{"rendered":"Protesta contra la CFE: bloquean carretera en Carrillo Puerto"},"content":{"rendered":"\n<p>Habitantes de la comunidad de Chump\u00f3n en Felipe Carrillo Puerto,&nbsp;<strong>bloquean carretera en exigencia a la Comisi\u00f3n Federal de Electricidad<\/strong>&nbsp;(CFE) una soluci\u00f3n a las constantes fallas del suministro el\u00e9ctrico, pasan d\u00edas y hasta semanas sin el recurso.<\/p>\n\n\n\n<p>El d\u00eda de ayer, por la madrugada, m\u00e1s de una decena de habitantes de la comunidad, salieron con pancartas en manos y se posaron sobre la v\u00eda estatal Chump\u00f3n &#8211; Tepich, bloqueando el paso de los veh\u00edculos que a diario se transportan por el lugar, hasta que alguna autoridad les brinde atenci\u00f3n.<\/p>\n\n\n\n<p>\u201c<strong>Zona de los chunes sin luz, exigimos soluciones CFE, Mary Hern\u00e1ndez, Mara Lezama<\/strong>\u201d, \u201cDonde est\u00e1 el apoyo presidenta, zona chunes en tinieblas\u201d, \u201csi no bloqueamos no nos escuchan, mucho tiempo sin luz\u201d, \u201cCFE mal servicio altos cobros, exigimos su intervenci\u00f3n inmediata gobernadora Mara Lezama\u201d, fueron, algunas de las pancartas que se leyeron.<\/p>\n\n\n\n<p>Los manifestantes, en una sola voz exigieron a las autoridades una soluci\u00f3n inmediata a los problemas el\u00e9ctricos que, seg\u00fan se\u00f1alaron, han afectado gravemente su calidad de vida, se han reportado en muchas ocasiones y nunca les hacen caso, es por eso que optaron por tomar esa medida m\u00e1s dr\u00e1stica.<\/p>\n\n\n\n<p>Adem\u00e1s,&nbsp;<strong>expusieron que generan p\u00e9rdidas econ\u00f3micas<\/strong>, pues muchos dependen de actividades que requieren electricidad, como el almacenamiento de alimentos y el uso de herramientas el\u00e9ctricas y el calor extremo que se ha registrado en los \u00faltimos meses hace que sea dif\u00edcil soportar largos periodos sin energ\u00eda para ventiladores o refrigeraci\u00f3n.<\/p>\n\n\n\n<p>Los manifestantes exigen la presencia de un representante de la CFE para que explique las causas del problema y ofrezca soluciones concretas y urgentes. Advirtieron que, de no recibir atenci\u00f3n, intensificar\u00e1n sus medidas de protesta.<\/p>\n\n\n\n<blockquote class=\"wp-block-quote is-layout-flow wp-block-quote-is-layout-flow\">\n<p><em>\u201cYa no podemos seguir as\u00ed;&nbsp;<strong>llevamos meses con cortes de luz que duran horas e incluso d\u00edas<\/strong>. Esto afecta nuestras actividades diarias y la conservaci\u00f3n de alimentos\u201d, afirmaron.<\/em><\/p>\n<\/blockquote>\n\n\n\n<p>Hasta el cierre de esta nota, no se ha informado de un pronunciamiento oficial por parte de la CFE o de las autoridades locales, mientras que el bloqueo sigue afectando el tr\u00e1nsito en la zona y la comunidad de Chump\u00f3n permanece firme en su demanda, resaltando que el acceso constante a la electricidad no es un lujo, sino una necesidad b\u00e1sica.<\/p>\n","protected":false},"excerpt":{"rendered":"<p>Habitantes de la comunidad de Chump\u00f3n en Felipe Carrillo Puerto,&nbsp;bloquean carretera en exigencia a la Comisi\u00f3n Federal de Electricidad&nbsp;(CFE) una soluci\u00f3n a las constantes fallas del suministro el\u00e9ctrico, pasan d\u00edas y hasta semanas sin el recurso. El d\u00eda de ayer, por la madrugada, m\u00e1s de una decena de habitantes de la comunidad, salieron con pancartas [&hellip;]<\/p>\n","protected":false},"author":2,"featured_media":135231,"comment_status":"open","ping_status":"open","sticky":false,"template":"","format":"standard","meta":{"footnotes":""},"categories":[6],"tags":[],"class_list":["post-135230","post","type-post","status-publish","format-standard","has-post-thumbnail","hentry","category-municipales"],"_links":{"self":[{"href":"http:\/\/elcuartopoder.com.mx\/nw\/wp-json\/wp\/v2\/posts\/135230","targetHints":{"allow":["GET"]}}],"collection":[{"href":"http:\/\/elcuartopoder.com.mx\/nw\/wp-json\/wp\/v2\/posts"}],"about":[{"href":"http:\/\/elcuartopoder.com.mx\/nw\/wp-json\/wp\/v2\/types\/post"}],"author":[{"embeddable":true,"href":"http:\/\/elcuartopoder.com.mx\/nw\/wp-json\/wp\/v2\/users\/2"}],"replies":[{"embeddable":true,"href":"http:\/\/elcuartopoder.com.mx\/nw\/wp-json\/wp\/v2\/comments?post=135230"}],"version-history":[{"count":1,"href":"http:\/\/elcuartopoder.com.mx\/nw\/wp-json\/wp\/v2\/posts\/135230\/revisions"}],"predecessor-version":[{"id":135232,"href":"http:\/\/elcuartopoder.com.mx\/nw\/wp-json\/wp\/v2\/posts\/135230\/revisions\/135232"}],"wp:featuredmedia":[{"embeddable":true,"href":"http:\/\/elcuartopoder.com.mx\/nw\/wp-json\/wp\/v2\/media\/135231"}],"wp:attachment":[{"href":"http:\/\/elcuartopoder.com.mx\/nw\/wp-json\/wp\/v2\/media?parent=135230"}],"wp:term":[{"taxonomy":"category","embeddable":true,"href":"http:\/\/elcuartopoder.com.mx\/nw\/wp-json\/wp\/v2\/categories?post=135230"},{"taxonomy":"post_tag","embeddable":true,"href":"http:\/\/elcuartopoder.com.mx\/nw\/wp-json\/wp\/v2\/tags?post=135230"}],"curies":[{"name":"wp","href":"https:\/\/api.w.org\/{rel}","templated":true}]}}