{"id":135263,"date":"2024-12-02T13:05:04","date_gmt":"2024-12-02T18:05:04","guid":{"rendered":"https:\/\/elcuartopoder.com.mx\/nw\/?p=135263"},"modified":"2024-12-02T13:05:06","modified_gmt":"2024-12-02T18:05:06","slug":"los-universos-paralelos-de-sheinbaum-y-trump","status":"publish","type":"post","link":"http:\/\/elcuartopoder.com.mx\/nw\/editorial\/los-universos-paralelos-de-sheinbaum-y-trump\/","title":{"rendered":"Los universos paralelos de Sheinbaum y Trump"},"content":{"rendered":"\n<p>La comunicaci\u00f3n entre l\u00edderes nacionales siempre es complicada, pero pocas veces se observa con tanta claridad como en los mensajes difundidos ayer por la presidenta Claudia Sheinbaum y Donald Trump tras su primera conversaci\u00f3n oficial. Ambos relatan un di\u00e1logo que, seg\u00fan sus propias palabras, parece haber ocurrido en universos paralelos.&nbsp;<\/p>\n\n\n\n<p>A las 3:36 PM, Sheinbaum comparti\u00f3 en X: \u201cTuve una excelente conversaci\u00f3n con el presidente Donald Trump. Abordamos la estrategia mexicana sobre el fen\u00f3meno de la migraci\u00f3n y compart\u00ed que no est\u00e1n llegando caravanas a la frontera norte porque son atendidas en M\u00e9xico. Tambi\u00e9n hablamos de reforzar la colaboraci\u00f3n en temas de seguridad en el marco de nuestra soberan\u00eda y de la campa\u00f1a que estamos realizando en el pa\u00eds para prevenir el consumo de fentanilo\u201d.<\/p>\n\n\n\n<p>Poco despu\u00e9s, a las 5:13 PM, Trump respondi\u00f3 en TruthSocial: \u201cAcabo de tener una maravillosa conversaci\u00f3n con la nueva Presidenta de M\u00e9xico, Claudia Sheinbaum Pardo. Ella ha acordado detener la migraci\u00f3n a trav\u00e9s de M\u00e9xico y hacia los Estados Unidos, cerrando efectivamente nuestra frontera sur. Tambi\u00e9n hablamos de lo que se puede hacer para detener la entrada masiva de drogas a Estados Unidos, y tambi\u00e9n el consumo de estas drogas por parte de Estados Unidos. \u00a1Fue una conversaci\u00f3n muy productiva!\u201d<\/p>\n\n\n\n<p>A las 5:23 PM, Trump a\u00f1adi\u00f3: \u201cM\u00e9xico impedir\u00e1 que las personas ingresen a nuestra frontera sur, con efecto inmediato. ESTO CONTRIBUIR\u00c1 EN GRAN MEDIDA A DETENER LA INVASI\u00d3N ILEGAL DE LOS ESTADOS UNIDOS. \u00a1\u00a1\u00a1Gracias!!!\u201d<\/p>\n\n\n\n<p>Casi dos horas despu\u00e9s, a las 7:34 PM, Sheinbaum aclar\u00f3 en X: \u201cEn nuestra conversaci\u00f3n con el presidente Trump, le expuse la estrategia integral que ha seguido M\u00e9xico para atender el fen\u00f3meno migratorio, respetando los derechos humanos. Gracias a ello se atiende a las personas migrantes y a las caravanas previo a que lleguen a la frontera. Reiteramos que la postura de M\u00e9xico no es cerrar fronteras sino tender puentes entre gobiernos y entre pueblos\u201d.<\/p>\n\n\n\n<p>Es evidente que ambos presentaron relatos opuestos, revelando diferencias de interpretaci\u00f3n e intereses pol\u00edticos divergentes.<\/p>\n\n\n\n<p>La mexicana, en un tono diplom\u00e1tico, destac\u00f3 su estrategia para atender la migraci\u00f3n desde una perspectiva humanitaria, rechazando la idea de \u201ccerrar fronteras\u201d y reforzando la imagen de un M\u00e9xico aut\u00f3nomo y respetuoso de los derechos humanos.<\/p>\n\n\n\n<p>Trump, fiel a su estilo, present\u00f3 la conversaci\u00f3n como un triunfo para su agenda migratoria, afirmando que M\u00e9xico cerrar\u00e1 su frontera sur y detendr\u00e1 la \u201cinvasi\u00f3n ilegal\u201d de EU. Desde 2015 ha utilizado esta narrativa para apelar a sus seguidores, distorsionando los hechos a su favor.<\/p>\n\n\n\n<p>La presidenta reiter\u00f3 que M\u00e9xico no act\u00faa bajo presiones extranjeras, pero la necesidad de desmentirlo evidencia el desaf\u00edo diplom\u00e1tico con un socio como Trump, quien prioriza su narrativa sobre la verdad.<\/p>\n\n\n\n<p>El reto ser\u00e1 mayor considerando que \u00e9ste es condescendiente hacia las mujeres y tiene dificultades para relacionarse constructivamente con ellas. Esto podr\u00eda complicar las relaciones bilaterales. Sin embargo, el enfoque pragm\u00e1tico de Sheinbaum y su \u00e9nfasis en la continuidad de las pol\u00edticas con EU podr\u00edan reducir tensiones. Sigue siendo incierto si Trump podr\u00e1 respetar a una l\u00edder femenina en una alianza tan crucial.<\/p>\n","protected":false},"excerpt":{"rendered":"<p>La comunicaci\u00f3n entre l\u00edderes nacionales siempre es complicada, pero pocas veces se observa con tanta claridad como en los mensajes difundidos ayer por la presidenta Claudia Sheinbaum y Donald Trump tras su primera conversaci\u00f3n oficial. Ambos relatan un di\u00e1logo que, seg\u00fan sus propias palabras, parece haber ocurrido en universos paralelos.&nbsp; A las 3:36 PM, Sheinbaum [&hellip;]<\/p>\n","protected":false},"author":2,"featured_media":135264,"comment_status":"open","ping_status":"open","sticky":false,"template":"","format":"standard","meta":{"footnotes":""},"categories":[63],"tags":[],"class_list":["post-135263","post","type-post","status-publish","format-standard","has-post-thumbnail","hentry","category-editorial"],"_links":{"self":[{"href":"http:\/\/elcuartopoder.com.mx\/nw\/wp-json\/wp\/v2\/posts\/135263","targetHints":{"allow":["GET"]}}],"collection":[{"href":"http:\/\/elcuartopoder.com.mx\/nw\/wp-json\/wp\/v2\/posts"}],"about":[{"href":"http:\/\/elcuartopoder.com.mx\/nw\/wp-json\/wp\/v2\/types\/post"}],"author":[{"embeddable":true,"href":"http:\/\/elcuartopoder.com.mx\/nw\/wp-json\/wp\/v2\/users\/2"}],"replies":[{"embeddable":true,"href":"http:\/\/elcuartopoder.com.mx\/nw\/wp-json\/wp\/v2\/comments?post=135263"}],"version-history":[{"count":1,"href":"http:\/\/elcuartopoder.com.mx\/nw\/wp-json\/wp\/v2\/posts\/135263\/revisions"}],"predecessor-version":[{"id":135265,"href":"http:\/\/elcuartopoder.com.mx\/nw\/wp-json\/wp\/v2\/posts\/135263\/revisions\/135265"}],"wp:featuredmedia":[{"embeddable":true,"href":"http:\/\/elcuartopoder.com.mx\/nw\/wp-json\/wp\/v2\/media\/135264"}],"wp:attachment":[{"href":"http:\/\/elcuartopoder.com.mx\/nw\/wp-json\/wp\/v2\/media?parent=135263"}],"wp:term":[{"taxonomy":"category","embeddable":true,"href":"http:\/\/elcuartopoder.com.mx\/nw\/wp-json\/wp\/v2\/categories?post=135263"},{"taxonomy":"post_tag","embeddable":true,"href":"http:\/\/elcuartopoder.com.mx\/nw\/wp-json\/wp\/v2\/tags?post=135263"}],"curies":[{"name":"wp","href":"https:\/\/api.w.org\/{rel}","templated":true}]}}