{"id":135273,"date":"2024-12-02T13:34:20","date_gmt":"2024-12-02T18:34:20","guid":{"rendered":"https:\/\/elcuartopoder.com.mx\/nw\/?p=135273"},"modified":"2024-12-02T13:34:22","modified_gmt":"2024-12-02T18:34:22","slug":"una-pandemia-de-plagios","status":"publish","type":"post","link":"http:\/\/elcuartopoder.com.mx\/nw\/destacadas\/una-pandemia-de-plagios\/","title":{"rendered":"Una pandemia de plagios"},"content":{"rendered":"\n<p><strong>La violencia en Chiapas sigue escalando<\/strong>. Un reflejo de esta problem\u00e1tica es el incremento de los secuestros, que en los \u00faltimos meses han tenido lugar de manera masiva. En uno de los \u00faltimos casos que tuvo lugar en ese estado fronterizo, fueron secuestradas siete personas, entre ellas un ni\u00f1o de 12 a\u00f1os de edad, de quienes, hasta el el momento se desconoce su paradero.<\/p>\n\n\n\n<p>Datos del Secretariado Ejecutivo del Sistema Nacional de Seguridad P\u00fablica (SESNSP), se\u00f1alan que en 2021, en&nbsp;<strong>Chiapas<\/strong>, las v\u00edctimas de&nbsp;<strong>delitos contra la libertad personal<\/strong>, entre los que se encuentran los diversos tipos de secuestro, tr\u00e1fico de menores, rapto y otros, sumaron 214; en 2022, 184; en 2023, 252; y de enero a octubre de este 2024, se han registrado ya 295 v\u00edctimas. Esto significa que hubo un incremento en tres a\u00f1os del 37.8 por ciento en ese delito.<\/p>\n\n\n\n<p>Apenas el pasado 23 de noviembre, se report\u00f3 la desaparici\u00f3n de siete personas, quienes iban a bordo de un veh\u00edculo de&nbsp;<strong>transporte p\u00fablico en Chiapas<\/strong>. El hecho tuvo lugar en el municipio de Emiliano Zapata, exactamente en la localidad conocida como 20 de noviembre, en donde los familiares de las v\u00edctimas identificadas afirmaron haberse comunicado por \u00faltima vez con ellas.<\/p>\n\n\n\n<p>Los primeros reportes dados a conocer, a trav\u00e9s de un comunicado, por la Fiscal\u00eda General del estado (FGE) de&nbsp;<strong>Chiapas<\/strong>&nbsp;se\u00f1alan que cuatro de las siete personas desaparecidas, quienes presuntamente eran integrantes de una familia, fueron identificadas como Magdalena \u00abN\u00bb, de 40 a\u00f1os, Rosario \u00abN\u00bb, de 39 a\u00f1os, Emanuel \u00abN\u00bb, de 12 a\u00f1os, y Luis \u00abN\u00bb, de 45 a\u00f1os; las otras tres a\u00fan no se han identificado.<\/p>\n\n\n\n<blockquote class=\"wp-block-quote is-layout-flow wp-block-quote-is-layout-flow\">\n<p>\u00abLos denunciantes refirieron que en el transporte p\u00fablico en el que se transportaban las v\u00edctimas iban m\u00e1s personas, de las que se est\u00e1 indagando su identidad\u00bb, indic\u00f3 la FGE de Chiapas y detall\u00f3 que el agente del Ministerio P\u00fablico local contin\u00faa con la integraci\u00f3n de la carpeta de investigaci\u00f3n sobre el caso.<\/p>\n<\/blockquote>\n\n\n\n<p>Adem\u00e1s, indic\u00f3 que se llevan a cabo las diligencias correspondientes para hallar cualquier indicio sobre el paradero de las personas desaparecidas. Aunque las autoridades no han brindado actualizaciones sobre el caso, trascendi\u00f3 en medios de comunicaci\u00f3n locales que el veh\u00edculo en el que se trasladaban las siete personas fue hallado sin nadie en su interior y que la familia se dirig\u00eda hacia el&nbsp;<strong>municipio de San Crist\u00f3bal de las Casas<\/strong>.<\/p>\n\n\n\n<p>Otro hecho similar tuvo lugar en Tuxtla Guti\u00e9rrez, en donde este mi\u00e9rcoles 27 de noviembre se report\u00f3 la desaparici\u00f3n de de, al menos, cuatro personas, entre quienes presuntamente se encontraba<strong>&nbsp;\u201cEl Kalimba\u201d<\/strong>, a quien se le se\u00f1ala como el presunto&nbsp;<strong>asesino del<\/strong>&nbsp;<strong>padre Marcelo P\u00e9rez<\/strong>, quien fue asesinado el pasado 20 de octubre, en San Crist\u00f3bal de las Casas, as\u00ed lo inform\u00f3 el periodista \u00c9dgar Rosales.<\/p>\n\n\n\n<p>El periodista, quien labora en Chiapas, brind\u00f3 una entrevista para&nbsp;<em>Radio F\u00f3rmula<\/em>&nbsp;en la que relat\u00f3 que los hechos ocurrieron a la altura del penal de m\u00e1xima seguridad conocido como \u201cEl Amate\u201d, cuando&nbsp;<strong>\u201cEl Kalimba\u201d<\/strong>&nbsp;junto con varios de sus primos circulaban por la carretera que va de Tuxtla Guti\u00e9rrez, capital del estado de Chiapas, al municipio de Cintalapa de Figueroa.<\/p>\n\n\n\n<figure class=\"wp-block-image\" id=\"attachment_4581780\"><img decoding=\"async\" src=\"https:\/\/www.sinembargo.mx\/wp-content\/uploads\/2024\/11\/desplazados-chenalhp-chiapas-violencia.jpg?x34472\" alt=\"La violencia en Chiapas no cesa\" class=\"wp-image-4581780\"\/><figcaption class=\"wp-element-caption\">Habitantes de la comunidad de La Esperanza, cercana a la cabecera municipal, denuncian que los enfrentamientos entre hombres armados los ha obligado a desplazarse y abandonar sus hogares. Foto: Isabel Mateos, Cuartoscuro<\/figcaption><\/figure>\n\n\n\n<p>Rosales explic\u00f3 que las personas reportadas como desaparecidas fueron identificadas como Adolfo Giovani V\u00e1zquez Cantoral, Antonio de Jes\u00fas Cantoral Zum\u00e1rraga, H\u00e9ctor Eduardo Cantoral S\u00e1nchez y Gustavo Adolfo Cantoral Zum\u00e1rraga, quienes ser\u00edan originarios del municipio de San Crist\u00f3bal de las Casas.<\/p>\n\n\n\n<p>Este tipo de secuestros masivos no es nuevo.<\/p>\n\n\n\n<p>El pasado 27 de junio, un grupo de hombres armados, vestidos con chalecos antibalas y encapuchados, intercept\u00f3 un veh\u00edculo de la Secretar\u00eda de Seguridad y Protecci\u00f3n Ciudadana (SSyPC) de Chiapas sobre la v\u00eda Los Llanos, en el municipio Ocozocoautla, y se llev\u00f3 a 14 empleados. La dependencia confirm\u00f3 los hechos a trav\u00e9s de un comunicado.<\/p>\n\n\n\n<p>Se\u00f1al\u00f3 que se encuentra realizando un operativo de b\u00fasqueda y localizaci\u00f3n \u00abde 14 masculinos integrantes de esta instituci\u00f3n policial que fueron privados de la libertad por personas armadas\u00bb, hechos que quedaron registrados en un video que circul\u00f3 en redes sociales, en el que se observa el momento en que hombres armados detienen al veh\u00edculo, bajan a los trabajadores y los obligan a subir a un cami\u00f3n.<\/p>\n\n\n\n<p>\u00abDerivado de un reporte de auxilio, de manera inmediata se estableci\u00f3 un operativo permanente por aire y por tierra con todas las fuerzas armadas para dar con el paradero de los compa\u00f1eros&nbsp;<strong>privados de la libertad<\/strong>, realizando todas las acciones necesarias para encontrarlos y llevar a los responsables ante las autoridades competentes\u00bb, se lee en el comunicado de la dependencia local.<\/p>\n\n\n\n<p>En tanto, informaci\u00f3n difundida por la p\u00e1gina de Facebook \u201cPolic\u00eda en acci\u00f3n Chiapas\u201d, indic\u00f3 que los trabajadores sal\u00edan de laborar del cuartel llano san Juan y se dirig\u00edan a Tuxtla Guti\u00e9rrez. El incidente ocurri\u00f3 alrededor de las 16:40 horas, cuando el Escudo Urbano C5 de la capital chiapaneca recibi\u00f3 un reporte de la presencia de dos camionetas con personas armadas y encapuchadas que secuestraron un autob\u00fas administrativo de Llano San Juan.<\/p>\n\n\n\n<p>A inicios del pasado mes de octubre, se report\u00f3 el secuestro de cuatro pescadores en el municipio de La Concordia. Las v\u00edctimas fueron identificadas como Ad\u00e1n Su\u00e1rez Trujillo, \u00c1ngel Su\u00e1rez Morales, padre e hijo, respectivamente; Luis Miguel Su\u00e1rez Miranda y Jos\u00e9 Luis L\u00f3pez Albores, todos pertenecientes a la zona de la presa La Angostura.<\/p>\n\n\n\n<p>De acuerdo con testimonios recogidos por medios locales, las v\u00edctimas fueron sustra\u00eddas mientras se encontraban en sus labores de pesca, por lo que, en protesta para exigir la aparici\u00f3n de los cuatro pescadores, pobladores de esa regi\u00f3n se llevaron una plataforma de acero que sirve de puente para comunicar a los municipios de Frontera Comalapa y Chicomuselo.<\/p>\n\n\n\n<p>En el mes de febrero, un reportaje de&nbsp;<strong>SinEmbargo<\/strong>&nbsp;dio cuenta de las afectaciones que ha provocado el&nbsp;<strong>conflicto interno<\/strong>&nbsp;entre grupos de la&nbsp;<strong>delincuencia organizada<\/strong>&nbsp;que se disputan el control de la entidad, debido a que la poblaci\u00f3n de 12 municipios de Chiapas, se encontraba sometida a amenazas, violencia f\u00edsica, reclutamiento forzado, desplazamiento interno, control de actividades econ\u00f3micas y miedo constante.<\/p>\n\n\n\n<p>Un informe elaborado por organizaciones sociales, entre ellas el&nbsp;<strong>Centro de Derechos Humanos Fray Bartolom\u00e9 de las Casas (Frayba)<\/strong>, destac\u00f3 que pese a que la presencia de estas organizaciones criminales se \u201cintensific\u00f3\u201d tras el inicio de la denominada Guerra contra el narco, en 2006.<\/p>\n","protected":false},"excerpt":{"rendered":"<p>La violencia en Chiapas sigue escalando. Un reflejo de esta problem\u00e1tica es el incremento de los secuestros, que en los \u00faltimos meses han tenido lugar de manera masiva. En uno de los \u00faltimos casos que tuvo lugar en ese estado fronterizo, fueron secuestradas siete personas, entre ellas un ni\u00f1o de 12 a\u00f1os de edad, de [&hellip;]<\/p>\n","protected":false},"author":2,"featured_media":135274,"comment_status":"open","ping_status":"open","sticky":false,"template":"","format":"standard","meta":{"footnotes":""},"categories":[59],"tags":[],"class_list":["post-135273","post","type-post","status-publish","format-standard","has-post-thumbnail","hentry","category-destacadas"],"_links":{"self":[{"href":"http:\/\/elcuartopoder.com.mx\/nw\/wp-json\/wp\/v2\/posts\/135273","targetHints":{"allow":["GET"]}}],"collection":[{"href":"http:\/\/elcuartopoder.com.mx\/nw\/wp-json\/wp\/v2\/posts"}],"about":[{"href":"http:\/\/elcuartopoder.com.mx\/nw\/wp-json\/wp\/v2\/types\/post"}],"author":[{"embeddable":true,"href":"http:\/\/elcuartopoder.com.mx\/nw\/wp-json\/wp\/v2\/users\/2"}],"replies":[{"embeddable":true,"href":"http:\/\/elcuartopoder.com.mx\/nw\/wp-json\/wp\/v2\/comments?post=135273"}],"version-history":[{"count":1,"href":"http:\/\/elcuartopoder.com.mx\/nw\/wp-json\/wp\/v2\/posts\/135273\/revisions"}],"predecessor-version":[{"id":135275,"href":"http:\/\/elcuartopoder.com.mx\/nw\/wp-json\/wp\/v2\/posts\/135273\/revisions\/135275"}],"wp:featuredmedia":[{"embeddable":true,"href":"http:\/\/elcuartopoder.com.mx\/nw\/wp-json\/wp\/v2\/media\/135274"}],"wp:attachment":[{"href":"http:\/\/elcuartopoder.com.mx\/nw\/wp-json\/wp\/v2\/media?parent=135273"}],"wp:term":[{"taxonomy":"category","embeddable":true,"href":"http:\/\/elcuartopoder.com.mx\/nw\/wp-json\/wp\/v2\/categories?post=135273"},{"taxonomy":"post_tag","embeddable":true,"href":"http:\/\/elcuartopoder.com.mx\/nw\/wp-json\/wp\/v2\/tags?post=135273"}],"curies":[{"name":"wp","href":"https:\/\/api.w.org\/{rel}","templated":true}]}}