{"id":135276,"date":"2024-12-02T13:39:32","date_gmt":"2024-12-02T18:39:32","guid":{"rendered":"https:\/\/elcuartopoder.com.mx\/nw\/?p=135276"},"modified":"2024-12-02T13:39:34","modified_gmt":"2024-12-02T18:39:34","slug":"la-colosal-mentira-que-el-ministro-de-propaganda-nazi-ideo-antes-de-morir-todavia-la-creemos","status":"publish","type":"post","link":"http:\/\/elcuartopoder.com.mx\/nw\/politica\/la-colosal-mentira-que-el-ministro-de-propaganda-nazi-ideo-antes-de-morir-todavia-la-creemos\/","title":{"rendered":"La colosal mentira que el Ministro de Propaganda nazi ide\u00f3 antes de morir: \u00abTodav\u00eda la creemos\u00bb"},"content":{"rendered":"\n<p>Conocemos sus nombres, y no es casualidad que todos comenzaran por &#8216;H&#8217;: Helga Susanne, Hildegard Traudel, Helmut Christian, Holdine Kathrin, Hedwig Johanna y Heidrun Elisabeth. El 1 de mayo de 1945, en las tripas del b\u00fanker de la Canciller\u00eda,&nbsp;<strong>Magda Goebbels<\/strong>&nbsp;entreg\u00f3 al m\u00e9dico &#8230;<\/p>\n","protected":false},"excerpt":{"rendered":"<p>Conocemos sus nombres, y no es casualidad que todos comenzaran por &#8216;H&#8217;: Helga Susanne, Hildegard Traudel, Helmut Christian, Holdine Kathrin, Hedwig Johanna y Heidrun Elisabeth. El 1 de mayo de 1945, en las tripas del b\u00fanker de la Canciller\u00eda,&nbsp;Magda Goebbels&nbsp;entreg\u00f3 al m\u00e9dico &#8230;<\/p>\n","protected":false},"author":2,"featured_media":135277,"comment_status":"open","ping_status":"open","sticky":false,"template":"","format":"standard","meta":{"footnotes":""},"categories":[61],"tags":[],"class_list":["post-135276","post","type-post","status-publish","format-standard","has-post-thumbnail","hentry","category-politica"],"_links":{"self":[{"href":"http:\/\/elcuartopoder.com.mx\/nw\/wp-json\/wp\/v2\/posts\/135276","targetHints":{"allow":["GET"]}}],"collection":[{"href":"http:\/\/elcuartopoder.com.mx\/nw\/wp-json\/wp\/v2\/posts"}],"about":[{"href":"http:\/\/elcuartopoder.com.mx\/nw\/wp-json\/wp\/v2\/types\/post"}],"author":[{"embeddable":true,"href":"http:\/\/elcuartopoder.com.mx\/nw\/wp-json\/wp\/v2\/users\/2"}],"replies":[{"embeddable":true,"href":"http:\/\/elcuartopoder.com.mx\/nw\/wp-json\/wp\/v2\/comments?post=135276"}],"version-history":[{"count":1,"href":"http:\/\/elcuartopoder.com.mx\/nw\/wp-json\/wp\/v2\/posts\/135276\/revisions"}],"predecessor-version":[{"id":135278,"href":"http:\/\/elcuartopoder.com.mx\/nw\/wp-json\/wp\/v2\/posts\/135276\/revisions\/135278"}],"wp:featuredmedia":[{"embeddable":true,"href":"http:\/\/elcuartopoder.com.mx\/nw\/wp-json\/wp\/v2\/media\/135277"}],"wp:attachment":[{"href":"http:\/\/elcuartopoder.com.mx\/nw\/wp-json\/wp\/v2\/media?parent=135276"}],"wp:term":[{"taxonomy":"category","embeddable":true,"href":"http:\/\/elcuartopoder.com.mx\/nw\/wp-json\/wp\/v2\/categories?post=135276"},{"taxonomy":"post_tag","embeddable":true,"href":"http:\/\/elcuartopoder.com.mx\/nw\/wp-json\/wp\/v2\/tags?post=135276"}],"curies":[{"name":"wp","href":"https:\/\/api.w.org\/{rel}","templated":true}]}}