{"id":135282,"date":"2024-12-02T15:00:59","date_gmt":"2024-12-02T20:00:59","guid":{"rendered":"https:\/\/elcuartopoder.com.mx\/nw\/?p=135282"},"modified":"2024-12-02T15:02:14","modified_gmt":"2024-12-02T20:02:14","slug":"mexico-lindo-y-jodido","status":"publish","type":"post","link":"http:\/\/elcuartopoder.com.mx\/nw\/destacadas\/mexico-lindo-y-jodido\/","title":{"rendered":"M\u00e9xico, lindo y\u2026 jodido"},"content":{"rendered":"\n<p>El tiempo apremia. Lleva un rato de ser as\u00ed. Tal vez lo asfixiante de la situaci\u00f3n que se vive en M\u00e9xico hace que en ocasiones no nos demos cuenta de la profundidad del deterioro. Mas este existe.<\/p>\n\n\n\n<p>Aplaudible la&nbsp;<strong>operaci\u00f3n \u2018Enjambre\u2019,<\/strong>&nbsp;por ejemplo. Sin embargo, independientemente del \u00e9xito y de lo positivo, el operativo de la&nbsp;<strong>Secretar\u00eda de Seguridad P\u00fablica<\/strong>&nbsp;federal realizado en el Estado de M\u00e9xico la semana pasada nos recuerda que, en muchos casos, el crimen y la autoridad van de la mano; cogobiernan.<\/p>\n\n\n\n<p>Una de cal por mil de arena\u2026 \u00bfDebemos alegrarnos por lo que se avanza o deprimirnos dado el tama\u00f1o de lo que se enfrenta? Creo que ni una cosa ni otra. Simple y sencillamente verlo de manera objetiva y advertir que lo que haya que hacer se debe realizar en su totalidad y a toda velocidad.<\/p>\n\n\n\n<p>Quiz\u00e1 esa sea la primera y principal diferencia entre el sexenio que termin\u00f3 y el que apenas comienza.&nbsp;<strong>Sheinbaum&nbsp;<\/strong>ya no tiene tiempo que disponer\u2026 Ya no basta repetir que el pa\u00eds est\u00e1 \u201crequetebi\u00e9n\u201d (por algo la presidenta no lo ha hecho). Los \u2018abrazos, no balazos\u2019 resultaron en m\u00e1s de 199,000 homicidios el sexenio pasado y m\u00e1s de 50,000 desaparecidos (cifras oficiales), por lo que lo que se decida hacer pas\u00f3 a modo urgente y debe llegar invariablemente hasta terminar con la impunidad y ya no solo lidiar con la inseguridad.<\/p>\n\n\n\n<p>Combatir la impunidad debe cobrar preeminencia. \u00bfEl objetivo del actual sexenio, incluyendo la desaparici\u00f3n del INAI, va por ah\u00ed? Todo hace suponer que no. Sin transparencia, la opacidad se incrementa. Mientras que conocer de las corruptelas es apenas el primer paso para combatir la impunidad. Y si no la combatimos (siendo el gobierno el primero que debe hacerlo), el incentivo de las autoridades de coaligarse con el crimen organizado es alto\u2026.<\/p>\n\n\n\n<p>Lo cual nos remite de nuevo al operativo en el Estado de M\u00e9xico y el qu\u00e9 se debe hacer para que no se quede en eso; que no se resuma en una escenificaci\u00f3n para la \u201cautoafirmaci\u00f3n de gobiernos con severos problemas de legitimaci\u00f3n\u201d. A un golpe de inicio de sexenio; el arresto de \u2018<strong>El negro\u2019 Durazo con Miguel de la Madrid<\/strong>; el&nbsp;<strong>Quinazo con Salinas de Gortari<\/strong>, el arresto de&nbsp;<strong>Elba Esther&nbsp;<\/strong>con&nbsp;<strong>Pe\u00f1a Nieto y de Juan Collado con L\u00f3pez Obrador.<\/strong><\/p>\n\n\n\n<p>Despu\u00e9s de esas detenciones y encarcelamientos, los gobiernos no volvieron a actuar sistem\u00e1ticamente para desaparecer la corrupci\u00f3n y la impunidad. Tiene as\u00ed, algo de \u201cpirot\u00e9cnico\u201d para distraer del desm\u00e1n provocado con el presupuesto tan poco cre\u00edble presentado por Hacienda, por todas las pifias y problemas que ya anuncia la reforma judicial, sin olvidar el cochinero e implicaciones varias creadas por la extinci\u00f3n de los \u00f3rganos constitucionales aut\u00f3nomos\u2026<\/p>\n\n\n\n<p>Por si fuera poco, pareciera ser un apoyo para que&nbsp;<strong>Omar Garc\u00eda Harfuch&nbsp;<\/strong>no solo sea el favorito de<strong>&nbsp;Claudia Sheinbaum<\/strong>&nbsp;y, al mismo tiempo, un deseo de fracaso por parte de toda al \u00e1rea dura de la 4t que busca verle caer. De por s\u00ed, con la carga pol\u00edtica, su tarea ya es complicada y urgente. Ser el mandam\u00e1s de la seguridad p\u00fablica del pa\u00eds acompa\u00f1ado de un \u201cequipo\u201d que busca defenestrarle.<\/p>\n\n\n\n<p>Cierto, son cochinos hasta la n\u00e1usea. Pero sobre todo, son corruptos hasta la m\u00e9dula. Y eso lleva a que se perpet\u00fae la impunidad. Y a un pa\u00eds que solo deber\u00eda ser M\u00e9xico lindo, convertido tambi\u00e9n en jodido.<\/p>\n\n\n\n<h2 class=\"wp-block-heading\"><strong>Tres en Raya<\/strong><\/h2>\n\n\n\n<p>No s\u00e9 si es broma, apoyo o coincidencia. La nueva telenovela de la gran actriz&nbsp;<strong>Mar\u00eda Sort\u00e9&nbsp;<\/strong>se llama \u201clas hijas de la se\u00f1ora Garc\u00eda\u201d. En la vida real, su hijo es<strong>&nbsp;Omar Garc\u00eda Harfuch&nbsp;<\/strong>y tendr\u00e1 mayor \u201crating\u201d por el complicado e importante puesto que ocupa.<\/p>\n\n\n\n<p>POR VER\u00d3NICA MALO GUZM\u00c1N<\/p>\n","protected":false},"excerpt":{"rendered":"<p>El tiempo apremia. Lleva un rato de ser as\u00ed. Tal vez lo asfixiante de la situaci\u00f3n que se vive en M\u00e9xico hace que en ocasiones no nos demos cuenta de la profundidad del deterioro. Mas este existe. Aplaudible la&nbsp;operaci\u00f3n \u2018Enjambre\u2019,&nbsp;por ejemplo. Sin embargo, independientemente del \u00e9xito y de lo positivo, el operativo de la&nbsp;Secretar\u00eda de [&hellip;]<\/p>\n","protected":false},"author":2,"featured_media":135285,"comment_status":"open","ping_status":"open","sticky":false,"template":"","format":"standard","meta":{"footnotes":""},"categories":[59],"tags":[],"class_list":["post-135282","post","type-post","status-publish","format-standard","has-post-thumbnail","hentry","category-destacadas"],"_links":{"self":[{"href":"http:\/\/elcuartopoder.com.mx\/nw\/wp-json\/wp\/v2\/posts\/135282","targetHints":{"allow":["GET"]}}],"collection":[{"href":"http:\/\/elcuartopoder.com.mx\/nw\/wp-json\/wp\/v2\/posts"}],"about":[{"href":"http:\/\/elcuartopoder.com.mx\/nw\/wp-json\/wp\/v2\/types\/post"}],"author":[{"embeddable":true,"href":"http:\/\/elcuartopoder.com.mx\/nw\/wp-json\/wp\/v2\/users\/2"}],"replies":[{"embeddable":true,"href":"http:\/\/elcuartopoder.com.mx\/nw\/wp-json\/wp\/v2\/comments?post=135282"}],"version-history":[{"count":1,"href":"http:\/\/elcuartopoder.com.mx\/nw\/wp-json\/wp\/v2\/posts\/135282\/revisions"}],"predecessor-version":[{"id":135284,"href":"http:\/\/elcuartopoder.com.mx\/nw\/wp-json\/wp\/v2\/posts\/135282\/revisions\/135284"}],"wp:featuredmedia":[{"embeddable":true,"href":"http:\/\/elcuartopoder.com.mx\/nw\/wp-json\/wp\/v2\/media\/135285"}],"wp:attachment":[{"href":"http:\/\/elcuartopoder.com.mx\/nw\/wp-json\/wp\/v2\/media?parent=135282"}],"wp:term":[{"taxonomy":"category","embeddable":true,"href":"http:\/\/elcuartopoder.com.mx\/nw\/wp-json\/wp\/v2\/categories?post=135282"},{"taxonomy":"post_tag","embeddable":true,"href":"http:\/\/elcuartopoder.com.mx\/nw\/wp-json\/wp\/v2\/tags?post=135282"}],"curies":[{"name":"wp","href":"https:\/\/api.w.org\/{rel}","templated":true}]}}