{"id":135353,"date":"2024-12-04T14:15:33","date_gmt":"2024-12-04T19:15:33","guid":{"rendered":"https:\/\/elcuartopoder.com.mx\/nw\/?p=135353"},"modified":"2024-12-04T14:15:36","modified_gmt":"2024-12-04T19:15:36","slug":"la-grasa-oculta-predice-el-alzheimer-20-anos-antes-de-que-aparezcan-los-sintomas","status":"publish","type":"post","link":"http:\/\/elcuartopoder.com.mx\/nw\/entretenimiento\/salud\/la-grasa-oculta-predice-el-alzheimer-20-anos-antes-de-que-aparezcan-los-sintomas\/","title":{"rendered":"La grasa oculta predice el alzh\u00e9imer 20 a\u00f1os antes de que aparezcan los s\u00edntomas"},"content":{"rendered":"\n<p>Un tipo espec\u00edfico de grasa corporal que se asocia con prote\u00ednas anormales en el cerebro, caracter\u00edsticas de la enfermedad de Alzheimer se puede identificar hasta 20 a\u00f1os antes de la aparici\u00f3n de los primeros s\u00edntomas de demencia. El hallazgo, hoy en la reuni\u00f3n anual de &#8230;<\/p>\n","protected":false},"excerpt":{"rendered":"<p>Un tipo espec\u00edfico de grasa corporal que se asocia con prote\u00ednas anormales en el cerebro, caracter\u00edsticas de la enfermedad de Alzheimer se puede identificar hasta 20 a\u00f1os antes de la aparici\u00f3n de los primeros s\u00edntomas de demencia. El hallazgo, hoy en la reuni\u00f3n anual de &#8230;<\/p>\n","protected":false},"author":2,"featured_media":135354,"comment_status":"open","ping_status":"open","sticky":false,"template":"","format":"standard","meta":{"footnotes":""},"categories":[56],"tags":[],"class_list":["post-135353","post","type-post","status-publish","format-standard","has-post-thumbnail","hentry","category-salud"],"_links":{"self":[{"href":"http:\/\/elcuartopoder.com.mx\/nw\/wp-json\/wp\/v2\/posts\/135353","targetHints":{"allow":["GET"]}}],"collection":[{"href":"http:\/\/elcuartopoder.com.mx\/nw\/wp-json\/wp\/v2\/posts"}],"about":[{"href":"http:\/\/elcuartopoder.com.mx\/nw\/wp-json\/wp\/v2\/types\/post"}],"author":[{"embeddable":true,"href":"http:\/\/elcuartopoder.com.mx\/nw\/wp-json\/wp\/v2\/users\/2"}],"replies":[{"embeddable":true,"href":"http:\/\/elcuartopoder.com.mx\/nw\/wp-json\/wp\/v2\/comments?post=135353"}],"version-history":[{"count":1,"href":"http:\/\/elcuartopoder.com.mx\/nw\/wp-json\/wp\/v2\/posts\/135353\/revisions"}],"predecessor-version":[{"id":135355,"href":"http:\/\/elcuartopoder.com.mx\/nw\/wp-json\/wp\/v2\/posts\/135353\/revisions\/135355"}],"wp:featuredmedia":[{"embeddable":true,"href":"http:\/\/elcuartopoder.com.mx\/nw\/wp-json\/wp\/v2\/media\/135354"}],"wp:attachment":[{"href":"http:\/\/elcuartopoder.com.mx\/nw\/wp-json\/wp\/v2\/media?parent=135353"}],"wp:term":[{"taxonomy":"category","embeddable":true,"href":"http:\/\/elcuartopoder.com.mx\/nw\/wp-json\/wp\/v2\/categories?post=135353"},{"taxonomy":"post_tag","embeddable":true,"href":"http:\/\/elcuartopoder.com.mx\/nw\/wp-json\/wp\/v2\/tags?post=135353"}],"curies":[{"name":"wp","href":"https:\/\/api.w.org\/{rel}","templated":true}]}}