{"id":135360,"date":"2024-12-04T14:23:38","date_gmt":"2024-12-04T19:23:38","guid":{"rendered":"https:\/\/elcuartopoder.com.mx\/nw\/?p=135360"},"modified":"2024-12-04T14:23:40","modified_gmt":"2024-12-04T19:23:40","slug":"famosa-disenadora-acusa-a-diddy-combs-de-colgarla-de-un-balcon-el-objetivo-era-matar-o-aterrorizar","status":"publish","type":"post","link":"http:\/\/elcuartopoder.com.mx\/nw\/entretenimiento\/espectaculos\/famosa-disenadora-acusa-a-diddy-combs-de-colgarla-de-un-balcon-el-objetivo-era-matar-o-aterrorizar\/","title":{"rendered":"Famosa dise\u00f1adora acusa a \u2018Diddy\u2019 Combs de colgarla de un balc\u00f3n: \u2018El objetivo era matar o aterrorizar\u2019"},"content":{"rendered":"\n<p>La dise\u00f1adora\u00a0<strong>Bryana \u2018Bana\u2019 Bongolan<\/strong>\u00a0acusa a\u00a0Sean Combs, conocido como Puff Daddy o \u2018Diddy\u2018, de colgarla de un balc\u00f3n de un apartamento ubicado en una planta 17, en una demanda judicial en la que pide\u00a0<strong>10 millones de d\u00f3lares por da\u00f1os<\/strong>.<\/p>\n\n\n\n<p>La\u00a0demanda contra \u2018Diddy\u2019 Combs, presentada en Los \u00c1ngeles y a la que ha tenido acceso la revista\u00a0<em>People<\/em>\u00a0y que avanz\u00f3 hace unos d\u00edas<em>\u00a0Rolling Stone<\/em>, se suma a los\u00a0<strong>cientos de casos que el exrapero acumula\u00a0<\/strong>en los juzgados y por los que permanece en prisi\u00f3n desde septiembre de este a\u00f1o.<\/p>\n\n\n\n<p>Un&nbsp;<a href=\"https:\/\/www.elfinanciero.com.mx\/espectaculos\/2024\/10\/10\/abogados-de-sean-diddy-combs-acusan-a-gobierno-de-filtrar-video-del-caso\/\" target=\"_blank\" rel=\"noreferrer noopener\">abogado Sean \u2018Diddy<\/a>&#8216; ha negado \u201cfirmemente\u201d a la revista<em>&nbsp;Rolling Stones<\/em>&nbsp;las acusaciones.<\/p>\n\n\n\n<h2 class=\"wp-block-heading\">\u00bfQu\u00e9 pas\u00f3 con Bryana \u2018Bana\u2019 Bongolan y Sean \u2018Diddy\u2019 Combs?<\/h2>\n\n\n\n<p>Bongolan relata que los hechos ocurrieron en septiembre de 2016 cuando era una&nbsp;<strong>joven aspirante a dise\u00f1adora de moda&nbsp;<\/strong>y se hizo amiga de la cantante Cassandra \u2018Cassie\u2019 Ventura, entonces&nbsp;<a href=\"https:\/\/www.elfinanciero.com.mx\/espectaculos\/2024\/10\/12\/como-fue-la-relacion-de-sean-diddy-combs-y-jennifer-lopez\/\" target=\"_blank\" rel=\"noreferrer noopener\">novia de \u2018Puff Daddy<\/a>\u2018.<\/p>\n\n\n\n<hr class=\"wp-block-separator has-alpha-channel-opacity\"\/>\n\n\n\n<figure class=\"wp-block-image\"><img decoding=\"async\" src=\"https:\/\/elfinanciero.com.mx\/resizer\/v2\/YX7U23DHIZDXRLS57OOAM5HLFI.jpg?smart=true&amp;auth=a849fcb94e867200682387aa9c73060fc2f55a19545445b8b2c613e2b7662e2f&amp;width=4905&amp;height=3270\" alt=\"\"\/><figcaption class=\"wp-element-caption\">Sean Combs enfrenta cargos por delitos sexuales. (Foto de Willy Sanjuan\/Invision\/AP, Archivo)&nbsp;(Willy Sanjuan\/Willy Sanjuan\/Invision\/AP)<\/figcaption><\/figure>\n\n\n\n<p>La dise\u00f1adora de moda asegura que con anterioridad hab\u00eda sido testigo en numerosas ocasiones de&nbsp;<a href=\"https:\/\/www.elfinanciero.com.mx\/espectaculos\/2024\/10\/13\/historia-relacion-de-sean-diddy-combs-y-cassie-ventura-exnovia-que-lo-denuncio-por-abuso-sexual\/\" target=\"_blank\" rel=\"noreferrer noopener\">abusos de \u2018Diddy\u2019 Combs<\/a>&nbsp;hacia Cassandra Ventura.<\/p>\n\n\n\n<p>Bongolan asegura que el m\u00fasico se present\u00f3 en casa de su novia de madrugada, donde ella estaba durmiendo y<strong>&nbsp;golpe\u00f3 \u201cviolentamente\u201d la puerta<\/strong>. Cuando entr\u00f3, la dise\u00f1adora pidi\u00f3 a su amiga que se encerrara en el ba\u00f1o, el m\u00fasico se acerc\u00f3 a ella en la terraza y le toc\u00f3 los pechos mientras ella le ped\u00eda que le dejara en paz.<\/p>\n\n\n\n<p>Combs entonces tom\u00f3 a Bongol\u00e1n por las axilas y la subi\u00f3 a la barandilla del balc\u00f3n mientras le gritaba. Luego continu\u00f3 levant\u00e1ndola cada vez m\u00e1s alto, hasta que lo \u00fanico que le imped\u00eda caer al vac\u00edo era su agarre.<\/p>\n\n\n\n<figure class=\"wp-block-image\"><img decoding=\"async\" src=\"https:\/\/elfinanciero.com.mx\/resizer\/v2\/O55UJPSSUZGEJFGOB3QXMD3HXM.jpg?smart=true&amp;auth=79b7eed8a8209607c8e9b22d3638fbbb516985d9367626f8e145a134a3244c63&amp;width=1776&amp;height=1000\" alt=\"\"\/><figcaption class=\"wp-element-caption\">Han llovido demandas contra Sean &#8216;Diddy&#8217; Combs, otra se\u00f1ala que presuntamente quiso abusar de un hombre. (Foto: EFE).<\/figcaption><\/figure>\n\n\n\n<p><a href=\"https:\/\/www.elfinanciero.com.mx\/espectaculos\/2024\/05\/19\/sean-diddy-combs-admite-que-golpeo-a-su-exnovia-cassie-en-2016\/\" target=\"_blank\" rel=\"noreferrer noopener\">Cassandra Ventura<\/a>&nbsp;denunci\u00f3 a su expareja por maltrato, pero luego retir\u00f3 la demanda, sali\u00f3 entonces en su ayuda y le pidi\u00f3 al m\u00fasico que parara. Sean Combs accedi\u00f3 y luego la arroj\u00f3 contra los muebles de la terraza, incluido una mesa, seg\u00fan relata la denuncia.<\/p>\n\n\n\n<p>\u201cEl \u00fanico&nbsp;<strong>objetivo al colgar alguien de un balc\u00f3n<\/strong>&nbsp;es en realidad matarle o aterrorizarle intencionadamente\u201d, se\u00f1ala el abogado James R. Nikraftar, que firma la denuncia.<\/p>\n\n\n\n<p>La&nbsp;<strong>denuncia de la dise\u00f1adora<\/strong>&nbsp;se suma a m\u00e1s de un centenar de denuncias presentadas contra el rapero, que fue arrestado el pasado 16 de septiembre acusado de&nbsp;<strong>extorsi\u00f3n, tr\u00e1fico sexual&nbsp;<\/strong>y transporte para ejercer la prostituci\u00f3n.<\/p>\n\n\n\n<h2 class=\"wp-block-heading\">\u00bfCu\u00e1ndo es el juicio de Sean \u2018Diddy\u2019 Combs?<\/h2>\n\n\n\n<p>&#8216;<a href=\"https:\/\/www.elfinanciero.com.mx\/espectaculos\/2024\/10\/10\/sean-diddy-combs-esta-en-el-centro-de-detencion-metropolitano-de-eu-garcia-luna-y-otros-famosos-ahi\/\" target=\"_blank\" rel=\"noreferrer noopener\">Diddy&#8217; Combs permanece en una prisi\u00f3n de Nueva York<\/a>&nbsp;y se declara inocente de todos los cargos presentados contra \u00e9l. El 27 de noviembre un juez le deneg\u00f3 la libertad bajo fianza por tercera vez.<\/p>\n\n\n\n<p>El juicio se celebrar\u00e1 el&nbsp;<strong>25 de mayo de 2025<\/strong>.<\/p>\n","protected":false},"excerpt":{"rendered":"<p>La dise\u00f1adora\u00a0Bryana \u2018Bana\u2019 Bongolan\u00a0acusa a\u00a0Sean Combs, conocido como Puff Daddy o \u2018Diddy\u2018, de colgarla de un balc\u00f3n de un apartamento ubicado en una planta 17, en una demanda judicial en la que pide\u00a010 millones de d\u00f3lares por da\u00f1os. La\u00a0demanda contra \u2018Diddy\u2019 Combs, presentada en Los \u00c1ngeles y a la que ha tenido acceso la revista\u00a0People\u00a0y [&hellip;]<\/p>\n","protected":false},"author":2,"featured_media":135361,"comment_status":"open","ping_status":"open","sticky":false,"template":"","format":"standard","meta":{"footnotes":""},"categories":[11],"tags":[],"class_list":["post-135360","post","type-post","status-publish","format-standard","has-post-thumbnail","hentry","category-espectaculos"],"_links":{"self":[{"href":"http:\/\/elcuartopoder.com.mx\/nw\/wp-json\/wp\/v2\/posts\/135360","targetHints":{"allow":["GET"]}}],"collection":[{"href":"http:\/\/elcuartopoder.com.mx\/nw\/wp-json\/wp\/v2\/posts"}],"about":[{"href":"http:\/\/elcuartopoder.com.mx\/nw\/wp-json\/wp\/v2\/types\/post"}],"author":[{"embeddable":true,"href":"http:\/\/elcuartopoder.com.mx\/nw\/wp-json\/wp\/v2\/users\/2"}],"replies":[{"embeddable":true,"href":"http:\/\/elcuartopoder.com.mx\/nw\/wp-json\/wp\/v2\/comments?post=135360"}],"version-history":[{"count":1,"href":"http:\/\/elcuartopoder.com.mx\/nw\/wp-json\/wp\/v2\/posts\/135360\/revisions"}],"predecessor-version":[{"id":135362,"href":"http:\/\/elcuartopoder.com.mx\/nw\/wp-json\/wp\/v2\/posts\/135360\/revisions\/135362"}],"wp:featuredmedia":[{"embeddable":true,"href":"http:\/\/elcuartopoder.com.mx\/nw\/wp-json\/wp\/v2\/media\/135361"}],"wp:attachment":[{"href":"http:\/\/elcuartopoder.com.mx\/nw\/wp-json\/wp\/v2\/media?parent=135360"}],"wp:term":[{"taxonomy":"category","embeddable":true,"href":"http:\/\/elcuartopoder.com.mx\/nw\/wp-json\/wp\/v2\/categories?post=135360"},{"taxonomy":"post_tag","embeddable":true,"href":"http:\/\/elcuartopoder.com.mx\/nw\/wp-json\/wp\/v2\/tags?post=135360"}],"curies":[{"name":"wp","href":"https:\/\/api.w.org\/{rel}","templated":true}]}}