{"id":135575,"date":"2024-12-10T16:05:47","date_gmt":"2024-12-10T21:05:47","guid":{"rendered":"https:\/\/elcuartopoder.com.mx\/nw\/?p=135575"},"modified":"2024-12-10T16:05:50","modified_gmt":"2024-12-10T21:05:50","slug":"identifican-trece-proteinas-vinculadas-al-envejecimiento-cerebral","status":"publish","type":"post","link":"http:\/\/elcuartopoder.com.mx\/nw\/entretenimiento\/salud\/identifican-trece-proteinas-vinculadas-al-envejecimiento-cerebral\/","title":{"rendered":"Identifican trece prote\u00ednas vinculadas al envejecimiento cerebral"},"content":{"rendered":"\n<p>Un estudio publicado en &#8216;<a href=\"https:\/\/www.nature.com\/nataging\">Nature Aging<\/a>&#8216; ha identificado trece prote\u00ednas estrechamente relacionadas con el envejecimiento cerebral en los seres humanos, una pista que podr\u00eda cambiar radicalmente nuestra comprensi\u00f3n de las enfermedades neurodegenerativas.<\/p>\n\n\n\n<p>La investigaci\u00f3n sugiere que los cambios en las concentraciones de estas prote\u00ednas podr\u00edan alcanzar picos en edades clave \u2014&nbsp;<strong>57, 70 y 78 a\u00f1os<\/strong>&nbsp;\u2014 y podr\u00edan ser objetivos importantes para intervenciones que retrasen o prevengan el envejecimiento cerebral.<\/p>\n\n\n\n<p>Con la poblaci\u00f3n mundial envejeciendo a un ritmo alarmante, con proyecciones que auguran que para 2050 m\u00e1s de 1.500 millones de personas tendr\u00e1n m\u00e1s de 65 a\u00f1os, entender c\u00f3mo envejece nuestro cerebro se ha vuelto una prioridad urgente.<\/p>\n\n\n\n<p>Los&nbsp;<strong>trastornos neurodegenerativos<\/strong>&nbsp;como la demencia tienden a aumentar con la edad, pero los tratamientos efectivos siguen siendo limitados. La detecci\u00f3n temprana e intervenci\u00f3n en el envejecimiento cerebral podr\u00edan ayudar a mitigar estas afecciones.<\/p>\n\n\n\n<p>El equipo de investigadores de la&nbsp;<a href=\"https:\/\/english.zzu.edu.cn\/\">Universidad de Zhengzhou<\/a>&nbsp;(China), encabezado por Wei Cheng, ha analizado los datos de casi 11.000 adultos entre 45 y 82 a\u00f1os y ha examinado las concentraciones de cerca de 5.000 prote\u00ednas en sangre, utilizando los datos del UK Biobank. Los resultados son impactantes: los cambios en estas prote\u00ednas est\u00e1n profundamente ligados al envejecimiento biol\u00f3gico del cerebro. En particular, prote\u00ednas como&nbsp;<strong>Brevican<\/strong>&nbsp;(BCAN), fundamental para el sistema nervioso central, y GDF15, se asociaron estrechamente con enfermedades como la demencia, los accidentes cerebrovasculares y problemas de movilidad.<\/p>\n\n\n\n<p>Lo m\u00e1s revelador: los niveles de estas prote\u00ednas fluct\u00faan de manera no lineal, con picos cr\u00edticos a los 57, 70 y 78 a\u00f1os. Este hallazgo sugiere que estas edades podr\u00edan ser momentos decisivos en el proceso de envejecimiento cerebral, abriendo una puerta a intervenciones que podr\u00edan cambiar el futuro del envejecimiento.<\/p>\n\n\n\n<p>Los investigadores proponen que los cambios no lineales en los niveles de prote\u00ednas podr\u00edan ser indicativos de transiciones en la salud cerebral.<\/p>\n\n\n\n<p>Los autores advierten que, aunque su estudio se centr\u00f3 en adultos mayores de origen europeo, es esencial seguir investigando c\u00f3mo estas prote\u00ednas influyen en personas de otras edades y etnias. Este avance podr\u00eda ser la clave para revolucionar la forma en que entendemos y combatimos el envejecimiento cerebral.<\/p>\n","protected":false},"excerpt":{"rendered":"<p>Un estudio publicado en &#8216;Nature Aging&#8216; ha identificado trece prote\u00ednas estrechamente relacionadas con el envejecimiento cerebral en los seres humanos, una pista que podr\u00eda cambiar radicalmente nuestra comprensi\u00f3n de las enfermedades neurodegenerativas. La investigaci\u00f3n sugiere que los cambios en las concentraciones de estas prote\u00ednas podr\u00edan alcanzar picos en edades clave \u2014&nbsp;57, 70 y 78 a\u00f1os&nbsp;\u2014 [&hellip;]<\/p>\n","protected":false},"author":2,"featured_media":135576,"comment_status":"open","ping_status":"open","sticky":false,"template":"","format":"standard","meta":{"footnotes":""},"categories":[56],"tags":[],"class_list":["post-135575","post","type-post","status-publish","format-standard","has-post-thumbnail","hentry","category-salud"],"_links":{"self":[{"href":"http:\/\/elcuartopoder.com.mx\/nw\/wp-json\/wp\/v2\/posts\/135575","targetHints":{"allow":["GET"]}}],"collection":[{"href":"http:\/\/elcuartopoder.com.mx\/nw\/wp-json\/wp\/v2\/posts"}],"about":[{"href":"http:\/\/elcuartopoder.com.mx\/nw\/wp-json\/wp\/v2\/types\/post"}],"author":[{"embeddable":true,"href":"http:\/\/elcuartopoder.com.mx\/nw\/wp-json\/wp\/v2\/users\/2"}],"replies":[{"embeddable":true,"href":"http:\/\/elcuartopoder.com.mx\/nw\/wp-json\/wp\/v2\/comments?post=135575"}],"version-history":[{"count":1,"href":"http:\/\/elcuartopoder.com.mx\/nw\/wp-json\/wp\/v2\/posts\/135575\/revisions"}],"predecessor-version":[{"id":135577,"href":"http:\/\/elcuartopoder.com.mx\/nw\/wp-json\/wp\/v2\/posts\/135575\/revisions\/135577"}],"wp:featuredmedia":[{"embeddable":true,"href":"http:\/\/elcuartopoder.com.mx\/nw\/wp-json\/wp\/v2\/media\/135576"}],"wp:attachment":[{"href":"http:\/\/elcuartopoder.com.mx\/nw\/wp-json\/wp\/v2\/media?parent=135575"}],"wp:term":[{"taxonomy":"category","embeddable":true,"href":"http:\/\/elcuartopoder.com.mx\/nw\/wp-json\/wp\/v2\/categories?post=135575"},{"taxonomy":"post_tag","embeddable":true,"href":"http:\/\/elcuartopoder.com.mx\/nw\/wp-json\/wp\/v2\/tags?post=135575"}],"curies":[{"name":"wp","href":"https:\/\/api.w.org\/{rel}","templated":true}]}}