{"id":135721,"date":"2024-12-13T13:07:27","date_gmt":"2024-12-13T18:07:27","guid":{"rendered":"https:\/\/elcuartopoder.com.mx\/nw\/?p=135721"},"modified":"2024-12-13T13:07:30","modified_gmt":"2024-12-13T18:07:30","slug":"el-regimen-chavista-muestra-por-primera-vez-a-la-espanola-rocio-san-miguel-acusada-de-traicion-a-la-patria","status":"publish","type":"post","link":"http:\/\/elcuartopoder.com.mx\/nw\/politica\/el-regimen-chavista-muestra-por-primera-vez-a-la-espanola-rocio-san-miguel-acusada-de-traicion-a-la-patria\/","title":{"rendered":"El r\u00e9gimen chavista muestra por primera vez a la espa\u00f1ola Roc\u00edo San Miguel, acusada de traici\u00f3n a la patria"},"content":{"rendered":"\n<p>Desde hace diez meses, se encuentra detenida la venezolana-espa\u00f1ola&nbsp;<a href=\"https:\/\/www.abc.es\/internacional\/regimen-chavista-imputa-rocio-san-miguel-traicion-20240215122413-nt.html\">Roc\u00edo San Miguel<\/a>, acusada de terrorismo. Y este martes las autoridades venezolanas &#8216;filtraron&#8217;, por primera vez, im\u00e1genes de la prisionera siendo tratada por equipos m\u00e9dicos, violando su privacidad como paciente.<\/p>\n\n\n\n<p>La defensora de derechos &#8230;<\/p>\n","protected":false},"excerpt":{"rendered":"<p>Desde hace diez meses, se encuentra detenida la venezolana-espa\u00f1ola&nbsp;Roc\u00edo San Miguel, acusada de terrorismo. Y este martes las autoridades venezolanas &#8216;filtraron&#8217;, por primera vez, im\u00e1genes de la prisionera siendo tratada por equipos m\u00e9dicos, violando su privacidad como paciente. La defensora de derechos &#8230;<\/p>\n","protected":false},"author":2,"featured_media":135722,"comment_status":"open","ping_status":"open","sticky":false,"template":"","format":"standard","meta":{"footnotes":""},"categories":[61],"tags":[],"class_list":["post-135721","post","type-post","status-publish","format-standard","has-post-thumbnail","hentry","category-politica"],"_links":{"self":[{"href":"http:\/\/elcuartopoder.com.mx\/nw\/wp-json\/wp\/v2\/posts\/135721","targetHints":{"allow":["GET"]}}],"collection":[{"href":"http:\/\/elcuartopoder.com.mx\/nw\/wp-json\/wp\/v2\/posts"}],"about":[{"href":"http:\/\/elcuartopoder.com.mx\/nw\/wp-json\/wp\/v2\/types\/post"}],"author":[{"embeddable":true,"href":"http:\/\/elcuartopoder.com.mx\/nw\/wp-json\/wp\/v2\/users\/2"}],"replies":[{"embeddable":true,"href":"http:\/\/elcuartopoder.com.mx\/nw\/wp-json\/wp\/v2\/comments?post=135721"}],"version-history":[{"count":1,"href":"http:\/\/elcuartopoder.com.mx\/nw\/wp-json\/wp\/v2\/posts\/135721\/revisions"}],"predecessor-version":[{"id":135723,"href":"http:\/\/elcuartopoder.com.mx\/nw\/wp-json\/wp\/v2\/posts\/135721\/revisions\/135723"}],"wp:featuredmedia":[{"embeddable":true,"href":"http:\/\/elcuartopoder.com.mx\/nw\/wp-json\/wp\/v2\/media\/135722"}],"wp:attachment":[{"href":"http:\/\/elcuartopoder.com.mx\/nw\/wp-json\/wp\/v2\/media?parent=135721"}],"wp:term":[{"taxonomy":"category","embeddable":true,"href":"http:\/\/elcuartopoder.com.mx\/nw\/wp-json\/wp\/v2\/categories?post=135721"},{"taxonomy":"post_tag","embeddable":true,"href":"http:\/\/elcuartopoder.com.mx\/nw\/wp-json\/wp\/v2\/tags?post=135721"}],"curies":[{"name":"wp","href":"https:\/\/api.w.org\/{rel}","templated":true}]}}