{"id":136022,"date":"2024-12-23T14:34:05","date_gmt":"2024-12-23T19:34:05","guid":{"rendered":"https:\/\/elcuartopoder.com.mx\/nw\/?p=136022"},"modified":"2024-12-23T14:34:08","modified_gmt":"2024-12-23T19:34:08","slug":"milan-prohibira-fumar-tabaco-en-la-calle-a-partir-de-2025","status":"publish","type":"post","link":"http:\/\/elcuartopoder.com.mx\/nw\/destacadas\/milan-prohibira-fumar-tabaco-en-la-calle-a-partir-de-2025\/","title":{"rendered":"Mil\u00e1n prohibir\u00e1 fumar tabaco en la calle a partir de 2025"},"content":{"rendered":"\n<p>El Ayuntamiento de la ciudad italiana de Mil\u00e1n&nbsp;<strong>prohibir\u00e1 a partir del 1 de enero de 2025 fumar tabaco en espacios p\u00fablicos<\/strong>, incluidas las calles, salvo que se traten de \u00ablugares aislados\u00bb en los que se pueda respetar una distancia de al menos diez metros&nbsp;<a href=\"https:\/\/www.abc.es\/espana\/comunidad-valenciana\/pillan-pasajero-india-3000-paquetes-tabaco-declarar-20241220092805-nt.html\">respecto a otras personas<\/a>.<\/p>\n\n\n\n<p>Esta medida es parte de una bater\u00eda de normas aprobadas en 2020&nbsp;<strong>para mejorar la calidad del aire de la urbe,<\/strong>&nbsp;y que han ido entrando poco a poco en vigor a lo largo del tiempo, y que se enmarcan en el Plan Aire-Clima, un documento que pretende reducir a la mitad las emisiones de&nbsp;<a href=\"https:\/\/www.abc.es\/sociedad\/estados-unidos-detecta-temido-cambio-artico-fuente-20241210042614-nt.html\">di\u00f3xido de carbono&nbsp;<\/a>(CO2) para 2050.<\/p>\n\n\n\n<p>\u00abA partir del 1 de enero de 2025, la prohibici\u00f3n de fumar se extiende a todas las zonas p\u00fablicas o de uso p\u00fablico, en las mismas incluidas las zonas viales,&nbsp;<strong>excepto en lugares aislados&nbsp;<\/strong>donde sea posible respetar la distancia de al menos 10 metros de otras personas\u00bb, reza el texto.<\/p>\n\n\n\n<h3 class=\"wp-block-heading\">Multas de hasta 240 euros<\/h3>\n\n\n\n<p>Cabe destacar que la multa por el incumplimiento de la norma&nbsp;<strong>puede suponer un pago de entre 40 y 240 euros<\/strong>. Esta legislaci\u00f3n ya introdujo restricciones al uso del tabaco en v\u00edas p\u00fablicas, pues prohib\u00eda fumar en zonas verdes p\u00fablicas (excepto en lugares aislados donde sea posible respetar la distancia de al menos diez metros con otras personas).<\/p>\n\n\n\n<p>Del mismo modo, inclu\u00eda prohibiciones en \u00e1reas equipadas destinadas a juegos infantiles, actividades deportivas o recreativas; en las paradas de espera del transporte p\u00fablico, incluidas las paradas de taxis (<strong>hasta una distancia de diez metros de las paradas y de las infraestructuras de se\u00f1alizaci\u00f3n correspondientes<\/strong>); en cementerios; en zonas para perros; y en instalaciones deportivas de cualquier tipo, incluidas las zonas destinadas al p\u00fablico, como gradas<\/p>\n","protected":false},"excerpt":{"rendered":"<p>El Ayuntamiento de la ciudad italiana de Mil\u00e1n&nbsp;prohibir\u00e1 a partir del 1 de enero de 2025 fumar tabaco en espacios p\u00fablicos, incluidas las calles, salvo que se traten de \u00ablugares aislados\u00bb en los que se pueda respetar una distancia de al menos diez metros&nbsp;respecto a otras personas. Esta medida es parte de una bater\u00eda de [&hellip;]<\/p>\n","protected":false},"author":2,"featured_media":136023,"comment_status":"open","ping_status":"open","sticky":false,"template":"","format":"standard","meta":{"footnotes":""},"categories":[59],"tags":[],"class_list":["post-136022","post","type-post","status-publish","format-standard","has-post-thumbnail","hentry","category-destacadas"],"_links":{"self":[{"href":"http:\/\/elcuartopoder.com.mx\/nw\/wp-json\/wp\/v2\/posts\/136022","targetHints":{"allow":["GET"]}}],"collection":[{"href":"http:\/\/elcuartopoder.com.mx\/nw\/wp-json\/wp\/v2\/posts"}],"about":[{"href":"http:\/\/elcuartopoder.com.mx\/nw\/wp-json\/wp\/v2\/types\/post"}],"author":[{"embeddable":true,"href":"http:\/\/elcuartopoder.com.mx\/nw\/wp-json\/wp\/v2\/users\/2"}],"replies":[{"embeddable":true,"href":"http:\/\/elcuartopoder.com.mx\/nw\/wp-json\/wp\/v2\/comments?post=136022"}],"version-history":[{"count":1,"href":"http:\/\/elcuartopoder.com.mx\/nw\/wp-json\/wp\/v2\/posts\/136022\/revisions"}],"predecessor-version":[{"id":136024,"href":"http:\/\/elcuartopoder.com.mx\/nw\/wp-json\/wp\/v2\/posts\/136022\/revisions\/136024"}],"wp:featuredmedia":[{"embeddable":true,"href":"http:\/\/elcuartopoder.com.mx\/nw\/wp-json\/wp\/v2\/media\/136023"}],"wp:attachment":[{"href":"http:\/\/elcuartopoder.com.mx\/nw\/wp-json\/wp\/v2\/media?parent=136022"}],"wp:term":[{"taxonomy":"category","embeddable":true,"href":"http:\/\/elcuartopoder.com.mx\/nw\/wp-json\/wp\/v2\/categories?post=136022"},{"taxonomy":"post_tag","embeddable":true,"href":"http:\/\/elcuartopoder.com.mx\/nw\/wp-json\/wp\/v2\/tags?post=136022"}],"curies":[{"name":"wp","href":"https:\/\/api.w.org\/{rel}","templated":true}]}}