{"id":136025,"date":"2024-12-23T14:38:10","date_gmt":"2024-12-23T19:38:10","guid":{"rendered":"https:\/\/elcuartopoder.com.mx\/nw\/?p=136025"},"modified":"2024-12-23T14:38:12","modified_gmt":"2024-12-23T19:38:12","slug":"promueve-el-cantautor-ricardo-arjona-su-nuevo-album-seco","status":"publish","type":"post","link":"http:\/\/elcuartopoder.com.mx\/nw\/entretenimiento\/espectaculos\/promueve-el-cantautor-ricardo-arjona-su-nuevo-album-seco\/","title":{"rendered":"Promueve el cantautor Ricardo Arjona su nuevo \u00e1lbum &#8216;Seco&#8217;"},"content":{"rendered":"\n<p>El cantante y compositor Ricardo Arjona innova en la promoci\u00f3n de su \u00e1lbum Seco, que ser\u00e1 lanzado el pr\u00f3ximo 17 de enero, sobre el cual -anunci\u00f3- que sus entrevistas durante esta etapa ser\u00e1n conducidas por inteligencia artificial y as\u00ed explorar una din\u00e1mica diferente para conectar con su audiencia.<\/p>\n\n\n\n<p>En \u201cesta entrevista sin precedentes\u201d, seg\u00fan se informa un comunicado, Arjona habla con franqueza sobre su salud, sus inicios en la m\u00fasica, las cr\u00edticas que ha enfrentado y su visi\u00f3n sobre el gran momento que vive la m\u00fasica latina. Tambi\u00e9n comparte an\u00e9cdotas sobre su experiencia como maestro y ofrece una mirada introspectiva sobre su legado y su futuro en la industria musical.<\/p>\n\n\n\n<p>Esta conversaci\u00f3n \u201ces una oportunidad para conocerlo a fondo y entender su perspectiva. Esta estrategia ha sorprendido a algunos, reflejando su inter\u00e9s por mantenerse en sinton\u00eda con las tendencias actuales sin perder su esencia\u201d, agrega.<\/p>\n\n\n\n<p>\u00abSeco\u00bb marca el regreso de Arjona a los escenarios y al plano musical. El 17 de enero ser\u00e1 develado el \u00e1lbum completo, que incluye 12 canciones. Hasta ahora se han estrenado tres temas: Despacito que hay prisa, Todo termina y Nirvana, elegidas por sus propios seguidores.<\/p>\n\n\n\n<p>El video de Despacito que hay prisa, realizado en Costa Rica, as\u00ed como los dos videos lyric, alcanzaron m\u00e1s de 30 millones de visualizaciones en YouTube en solo una semana, lo cual se convierte en una rareza trat\u00e1ndose de un proyecto independiente que no cuenta con colaboraciones ni versiones de otros g\u00e9neros.<\/p>\n\n\n\n<p>El artista guatemalteco viaj\u00f3 a la Ciudad de M\u00e9xico para realizar tres videoclips: Todo termina, 70% y Mujer. En \u00e9ste \u00faltimo funge como director por primera vez en su carrera y dijo estar emocionado con dicha canci\u00f3n que ser\u00e1 una de las m\u00e1s importantes de la nueva producci\u00f3n.<\/p>\n","protected":false},"excerpt":{"rendered":"<p>El cantante y compositor Ricardo Arjona innova en la promoci\u00f3n de su \u00e1lbum Seco, que ser\u00e1 lanzado el pr\u00f3ximo 17 de enero, sobre el cual -anunci\u00f3- que sus entrevistas durante esta etapa ser\u00e1n conducidas por inteligencia artificial y as\u00ed explorar una din\u00e1mica diferente para conectar con su audiencia. En \u201cesta entrevista sin precedentes\u201d, seg\u00fan se [&hellip;]<\/p>\n","protected":false},"author":2,"featured_media":136026,"comment_status":"open","ping_status":"open","sticky":false,"template":"","format":"standard","meta":{"footnotes":""},"categories":[11],"tags":[],"class_list":["post-136025","post","type-post","status-publish","format-standard","has-post-thumbnail","hentry","category-espectaculos"],"_links":{"self":[{"href":"http:\/\/elcuartopoder.com.mx\/nw\/wp-json\/wp\/v2\/posts\/136025","targetHints":{"allow":["GET"]}}],"collection":[{"href":"http:\/\/elcuartopoder.com.mx\/nw\/wp-json\/wp\/v2\/posts"}],"about":[{"href":"http:\/\/elcuartopoder.com.mx\/nw\/wp-json\/wp\/v2\/types\/post"}],"author":[{"embeddable":true,"href":"http:\/\/elcuartopoder.com.mx\/nw\/wp-json\/wp\/v2\/users\/2"}],"replies":[{"embeddable":true,"href":"http:\/\/elcuartopoder.com.mx\/nw\/wp-json\/wp\/v2\/comments?post=136025"}],"version-history":[{"count":1,"href":"http:\/\/elcuartopoder.com.mx\/nw\/wp-json\/wp\/v2\/posts\/136025\/revisions"}],"predecessor-version":[{"id":136027,"href":"http:\/\/elcuartopoder.com.mx\/nw\/wp-json\/wp\/v2\/posts\/136025\/revisions\/136027"}],"wp:featuredmedia":[{"embeddable":true,"href":"http:\/\/elcuartopoder.com.mx\/nw\/wp-json\/wp\/v2\/media\/136026"}],"wp:attachment":[{"href":"http:\/\/elcuartopoder.com.mx\/nw\/wp-json\/wp\/v2\/media?parent=136025"}],"wp:term":[{"taxonomy":"category","embeddable":true,"href":"http:\/\/elcuartopoder.com.mx\/nw\/wp-json\/wp\/v2\/categories?post=136025"},{"taxonomy":"post_tag","embeddable":true,"href":"http:\/\/elcuartopoder.com.mx\/nw\/wp-json\/wp\/v2\/tags?post=136025"}],"curies":[{"name":"wp","href":"https:\/\/api.w.org\/{rel}","templated":true}]}}