{"id":136185,"date":"2024-12-30T09:57:36","date_gmt":"2024-12-30T14:57:36","guid":{"rendered":"https:\/\/elcuartopoder.com.mx\/nw\/?p=136185"},"modified":"2024-12-29T21:58:02","modified_gmt":"2024-12-30T02:58:02","slug":"es-una-version-libre","status":"publish","type":"post","link":"http:\/\/elcuartopoder.com.mx\/nw\/entretenimiento\/espectaculos\/es-una-version-libre\/","title":{"rendered":"\u00abEs una versi\u00f3n libre\u00bb"},"content":{"rendered":"\n<p>\u00bfCu\u00e1ntas veces no hemos escuchado la frase&nbsp;<strong>\u201cando como agua para chocolate\u201d<\/strong>&nbsp;para referirnos a que estamos enojados y que no queremos que nos toquen alg\u00fan tema que nos haga sentir molestos? De esa manera est\u00e1 la escritora&nbsp;<strong>Laura Esquivel<\/strong>&nbsp;despu\u00e9s de haber visto la&nbsp;<strong>adaptaci\u00f3n<\/strong>&nbsp;de su&nbsp;<a href=\"https:\/\/www.sinembargo.mx\/3059930\/entrevista-a-veces-quise-no-haber-escrito-como-agua-para-chocolate-laura-esquivel\/\" target=\"_blank\" rel=\"noreferrer noopener\"><strong>novela<\/strong><\/a>&nbsp;en una&nbsp;<a href=\"https:\/\/www.sinembargo.mx\/4570606\/ellos-son-los-protagonistas-de-como-agua-para-chocolate-la-nueva-serie-de-hbo\/\" target=\"_blank\" rel=\"noreferrer noopener\"><strong>serie<\/strong><\/a>&nbsp;de la plataforma&nbsp;<strong>Max<\/strong>.<\/p>\n\n\n\n<blockquote class=\"wp-block-quote is-layout-flow wp-block-quote-is-layout-flow\">\n<p>\u201cLamentablemente, no representa mi novela, no en esta traducci\u00f3n. Es una versi\u00f3n libre, donde toman personajes, incluso a algunos les cambian el nombre por motivos extra\u00f1os, por ejemplo, a Chencha no le quisieron poner as\u00ed que porque era muy denigrante. Hay parte de la novela, pero no siento que est\u00e9 traducida mi obra ni mi intenci\u00f3n. Se fueron m\u00e1s por recrear la Revoluci\u00f3n Mexicana, cosa que nunca fue mi objetivo\u201d, dijo en entrevista.<\/p>\n<\/blockquote>\n\n\n\n<p>La escritora Laura Esquivel public\u00f3&nbsp;<em>Como agua para chocolate<\/em>&nbsp;en 1989, tres a\u00f1os despu\u00e9s la obra fue adaptada a una pel\u00edcula que ella misma tradujo. La propuesta fue presentar la historia de tres mujeres: la primera, tra\u00eda una carga tradicional, que no quer\u00eda que cambiara nada; la segunda con tintes feministas que decide sobre su cuerpo y sumarse al cambio revolucionario. Sin embargo, explica la escritora, Tita era el personaje principal: \u201cElla nada m\u00e1s es un objeto del deseo de la mam\u00e1, no existe, porque naci\u00f3 para cuidarla\u201d.<\/p>\n\n\n\n<p>En Tita, Laura Esquivel encontr\u00f3 al personaje para mostrar la desobediencia que nos lleva a los cambios: \u201cSiempre abogu\u00e9 mucho por la desobediencia civil pac\u00edfica, todas las estructuras de poder son piramidales. Ahora veo que la gente se est\u00e1 revelando, se est\u00e1 organizando. Todo cambia\u201d.<br><\/p>\n\n\n\n<figure class=\"wp-block-image\" id=\"attachment_4594737\"><img decoding=\"async\" src=\"https:\/\/www.sinembargo.mx\/wp-content\/uploads\/2024\/12\/laura-esquivel-alina-duarte-y-perla-velazquez.jpg?x49303\" alt=\"La escritora Laura Esquivel, y las periodistas Alina Duarte y Perla Vel\u00e1zquez.\" class=\"wp-image-4594737\"\/><figcaption class=\"wp-element-caption\">La escritora Laura Esquivel recibi\u00f3 en su casa, ubicada en la Alcald\u00eda Coyoac\u00e1n de la Ciudad de M\u00e9xico, a Alina Duarte y Perla Vel\u00e1zquez, quienes le realizaron una entrevista para conocer todos los secretos de su novela. Foto: Cri Rodr\u00edguez, SinEmbargo<\/figcaption><\/figure>\n\n\n\n<p>Esquivel recuerda que ella es parte de la generaci\u00f3n de la d\u00e9cada de 1960. Dice que cre\u00edan que el cambio se dar\u00eda si se involucraban socialmente, pero \u201cdesafortunadamente a m\u00ed me ha tocado ver c\u00f3mo muchos movimientos revolucionarios fracasaron. \u00bfPor qu\u00e9? Porque la tuerquita no acab\u00f3 de dar la vuelta. Pero ahorita hay una generaci\u00f3n fuerte y participativa\u201d.<\/p>\n\n\n\n<p>Por otro lado, en&nbsp;<em>Como agua para chocolate<\/em>&nbsp;tambi\u00e9n se busc\u00f3 darle el valor a la cocina como un lugar de comuni\u00f3n, en donde surge el cambio. Para Esquivel, este espacio es y ha sido devaluado: \u201cAh\u00ed yo pongo la verdadera Revoluci\u00f3n, que trasciende a la familia, porque Tita, renuncia a la tradici\u00f3n castrante para no pasarla a la nueva generaci\u00f3n\u201d.<\/p>\n\n\n\n<figure class=\"wp-block-image\" id=\"attachment_4594739\"><img decoding=\"async\" src=\"https:\/\/www.sinembargo.mx\/wp-content\/uploads\/2024\/12\/entrevista-con-laura-esquivel.jpg?x49303\" alt=\"La escritora Laura Esquivel durante una entrevista en su casa, ubicada en la Alcald\u00eda Coyoac\u00e1n de la Ciudad de M\u00e9xico.\" class=\"wp-image-4594739\"\/><figcaption class=\"wp-element-caption\">La escritora Laura Esquivel public\u00f3&nbsp;<em>Como agua para chocolate<\/em>&nbsp;en 1989, tres a\u00f1os despu\u00e9s la obra fue adaptada a una pel\u00edcula que ella misma tradujo. Foto: Cri Rodr\u00edguez, SinEmbargo<\/figcaption><\/figure>\n\n\n\n<blockquote class=\"wp-block-quote is-layout-flow wp-block-quote-is-layout-flow\">\n<p>\u201cPara m\u00ed la cocina yo siempre le encuentro un gran significado a todo lo que sucede ah\u00ed y todas las transformaciones, t\u00fa sabes todos los granos, yo siempre digo que el metate es como la piedra del sacrificio, por ah\u00ed pasan y dejan de ser el grano, pero se convierten en otras cosas y esas cosas unidas a tu energ\u00eda, cuando t\u00fa se la das a tus hijos, cuando t\u00fa la compartes, en verdad el efecto es poderos\u00edsimo, porque tenemos ese elemento que siempre est\u00e1 presente y que hace que&nbsp;<em>Como agua para chocolate<\/em>&nbsp;tenga ese car\u00e1cter que le llaman como realismo m\u00e1gico. Pero, para m\u00ed no lo es, porque si t\u00fa has tenido una madre castrante, ah\u00ed la vas a tener siempre, no es que sea fantasma, es que ah\u00ed est\u00e1, la vas a estar escuchando siempre. Pero nos podemos liberar, conectar y recordar qu\u00e9 significa comer, qu\u00e9 significa sembrar, qu\u00e9 significa amar finalmente en este momento en el mundo\u201d.<\/p>\n<\/blockquote>\n","protected":false},"excerpt":{"rendered":"<p>\u00bfCu\u00e1ntas veces no hemos escuchado la frase&nbsp;\u201cando como agua para chocolate\u201d&nbsp;para referirnos a que estamos enojados y que no queremos que nos toquen alg\u00fan tema que nos haga sentir molestos? De esa manera est\u00e1 la escritora&nbsp;Laura Esquivel&nbsp;despu\u00e9s de haber visto la&nbsp;adaptaci\u00f3n&nbsp;de su&nbsp;novela&nbsp;en una&nbsp;serie&nbsp;de la plataforma&nbsp;Max. \u201cLamentablemente, no representa mi novela, no en esta traducci\u00f3n. Es [&hellip;]<\/p>\n","protected":false},"author":2,"featured_media":136186,"comment_status":"open","ping_status":"open","sticky":false,"template":"","format":"standard","meta":{"footnotes":""},"categories":[11],"tags":[],"class_list":["post-136185","post","type-post","status-publish","format-standard","has-post-thumbnail","hentry","category-espectaculos"],"_links":{"self":[{"href":"http:\/\/elcuartopoder.com.mx\/nw\/wp-json\/wp\/v2\/posts\/136185","targetHints":{"allow":["GET"]}}],"collection":[{"href":"http:\/\/elcuartopoder.com.mx\/nw\/wp-json\/wp\/v2\/posts"}],"about":[{"href":"http:\/\/elcuartopoder.com.mx\/nw\/wp-json\/wp\/v2\/types\/post"}],"author":[{"embeddable":true,"href":"http:\/\/elcuartopoder.com.mx\/nw\/wp-json\/wp\/v2\/users\/2"}],"replies":[{"embeddable":true,"href":"http:\/\/elcuartopoder.com.mx\/nw\/wp-json\/wp\/v2\/comments?post=136185"}],"version-history":[{"count":1,"href":"http:\/\/elcuartopoder.com.mx\/nw\/wp-json\/wp\/v2\/posts\/136185\/revisions"}],"predecessor-version":[{"id":136187,"href":"http:\/\/elcuartopoder.com.mx\/nw\/wp-json\/wp\/v2\/posts\/136185\/revisions\/136187"}],"wp:featuredmedia":[{"embeddable":true,"href":"http:\/\/elcuartopoder.com.mx\/nw\/wp-json\/wp\/v2\/media\/136186"}],"wp:attachment":[{"href":"http:\/\/elcuartopoder.com.mx\/nw\/wp-json\/wp\/v2\/media?parent=136185"}],"wp:term":[{"taxonomy":"category","embeddable":true,"href":"http:\/\/elcuartopoder.com.mx\/nw\/wp-json\/wp\/v2\/categories?post=136185"},{"taxonomy":"post_tag","embeddable":true,"href":"http:\/\/elcuartopoder.com.mx\/nw\/wp-json\/wp\/v2\/tags?post=136185"}],"curies":[{"name":"wp","href":"https:\/\/api.w.org\/{rel}","templated":true}]}}