{"id":136188,"date":"2024-12-30T09:58:00","date_gmt":"2024-12-30T14:58:00","guid":{"rendered":"https:\/\/elcuartopoder.com.mx\/nw\/?p=136188"},"modified":"2024-12-29T22:02:29","modified_gmt":"2024-12-30T03:02:29","slug":"paris-1924-vuelven-las-quejas-por-la-pesima-calidad-de-las-medallas-de-bronce-de-los-ultimos-juegos","status":"publish","type":"post","link":"http:\/\/elcuartopoder.com.mx\/nw\/entretenimiento\/deportes\/paris-1924-vuelven-las-quejas-por-la-pesima-calidad-de-las-medallas-de-bronce-de-los-ultimos-juegos\/","title":{"rendered":"\u00abPar\u00eds 1924\u00bb: vuelven las quejas por la p\u00e9sima calidad de las medallas de bronce de los \u00faltimos Juegos"},"content":{"rendered":"\n<p>Meses despu\u00e9s de que&nbsp;<a href=\"https:\/\/www.abc.es\/deportes\/juegos-olimpicos\/acaba-funcion-empieza-pelicula-20240811004159-nt.html\">una emocionante ceremonia de clausura en el Stade de France echase el tel\u00f3n a los Juegos Ol\u00edmpicos de Par\u00eds 2024<\/a>, la cita deportiva por excelencia de este a\u00f1o que termina sigue dando que hablar. Si durante la competici\u00f3n fueron temas de conversaci\u00f3n la salubridad de las aguas del r\u00edo Sena, la villa ol\u00edmpica y sus camas anti-sexo, la discutida participaci\u00f3n de atletas transg\u00e9nero o algunos pol\u00e9micos resultados,&nbsp;<strong>ahora han atra\u00eddo los focos las medallas que ganaron algunos de los atletas<\/strong>.<\/p>\n\n\n\n<p>En concreto las que han vuelto a saltar a los medios han sido&nbsp;<a href=\"https:\/\/www.abc.es\/deportes\/juegos-olimpicos\/medallero-juegos-olimpicos-paris-puesto-espana-numero-medallas-paises-20240811155014-nt.html\">las medallas de bronce<\/a>&nbsp;que gan\u00f3 el equipo franc\u00e9s de relevo 4&#215;100 metros estilos formado por el casi imbatible L\u00e9on Marchand y sus compa\u00f1eros Yohann Ndoye-Brouard, Cl\u00e9ment Secchi y Rafael Fente.<\/p>\n\n\n\n<p>Uno de ellos,&nbsp;<strong>Cl\u00e9ment Secchi<\/strong>, comparti\u00f3 a trav\u00e9s de las redes sociales una imagen del lamentable estado en el que se encontraba su medalla, demasiado deteriorada para haber transcurrido solo unos meses desde que la recibi\u00f3 en la ciudad de la luz. \u00abPiel de cocodrilo\u00bb, escrib\u00eda el nadador para describir el terrible estado de la presea.<\/p>\n\n\n\n<p>La publicaci\u00f3n de la imagen se extendi\u00f3 por las redes sociales, generando incredulidad y muchas cr\u00edticas. Entre los que la pudieron observar y comentar destac\u00f3\u00a0<strong>Yohann Ndoye-Brouard<\/strong>, compa\u00f1ero de Secchi e integrante de aquel equipo de relevos que gan\u00f3 el bronce. \u00abLa suya todav\u00eda est\u00e1 en forma\u00bb, respondi\u00f3 con iron\u00eda, acompa\u00f1ando su mensaje de un emoticono de llanto.<br><br>\u00abMuestra la tuya\u00bb, recibi\u00f3 como respuesta por parte de un usuario. Y no dud\u00f3 en hacerlo. Junto a&nbsp;<strong>un mensaje de texto acompa\u00f1ado de dos emoticonos de llanto que dec\u00eda \u00abPar\u00eds 1924\u00bb<\/strong>, el nadador galo de 24 a\u00f1os public\u00f3 dos fotograf\u00edas, del anverso y reverso de su medalla, que mostraban su deteriorado estado, muy similar al que mostraba el bronce de Cl\u00e9ment Secchi.<\/p>\n\n\n\n<h3 class=\"wp-block-heading\">Una vieja pol\u00e9mica<\/h3>\n\n\n\n<p>En realidad la pol\u00e9mica por las medallas de Par\u00eds 2024 no es nueva. Ya durante la cita ol\u00edmpica en la capital de Francia varios deportistas se quejaron de forma p\u00fablica por la calidad de las preseas.&nbsp;<strong>El skater estadounidense Nyjah Huston<\/strong>&nbsp;se hizo incluso viral al mostrar en un v\u00eddeo c\u00f3mo estaba su medalla de bronce solo 15 d\u00edas despu\u00e9s de haberla ganado.<\/p>\n\n\n\n<p>\u00abLuc\u00eda bien cuando era nueva\u00bb, afirmaba para luego explicar que \u00abdespu\u00e9s de dejarla en mi piel, con un poco de sudor, y luego dej\u00e1rsela a mis amigos durante el fin de semana, aparentemente no son de tan buena calidad como uno pensar\u00eda\u00bb. \u00abParece que acaba de regresar de la guerra. Podr\u00eda haberla ganado en 1982\u00bb, agreg\u00f3.<\/p>\n\n\n\n<p>Las cr\u00edticas llevaron a que se realizaran algunas estimaciones sobre el valor de las diferentes preseas con las que se premiaba a los atletas en Par\u00eds, y entre las conclusiones se lleg\u00f3 a afirmar que mientras una medalla de oro alcanzar\u00eda los 863 euros y la de plata los 436, el de\u00a0<strong>la medalla de bronce no llegar\u00eda ni a los 5 euros<\/strong>.<br><br>El problema con el recubrimiento de bronce de las medallas para los terceros clasificados<strong>&nbsp;afect\u00f3 tambi\u00e9n a la selecci\u00f3n espa\u00f1ola de nataci\u00f3n art\u00edstica<\/strong>, que se colg\u00f3 la presea tras un ejercicio de rutina acrob\u00e1tica que le vali\u00f3 un cuarto puesto en la \u00faltima jornada y un tercero en la clasificaci\u00f3n general. Tras comprobar la mala calidad del metal protest\u00f3 ante el Comit\u00e9 Ol\u00edmpico Internacional (COI), que lleg\u00f3 a comprometerse incluso a un cambio de las medallas.<\/p>\n\n\n\n<p><\/p>\n","protected":false},"excerpt":{"rendered":"<p>Meses despu\u00e9s de que&nbsp;una emocionante ceremonia de clausura en el Stade de France echase el tel\u00f3n a los Juegos Ol\u00edmpicos de Par\u00eds 2024, la cita deportiva por excelencia de este a\u00f1o que termina sigue dando que hablar. Si durante la competici\u00f3n fueron temas de conversaci\u00f3n la salubridad de las aguas del r\u00edo Sena, la villa [&hellip;]<\/p>\n","protected":false},"author":2,"featured_media":136189,"comment_status":"open","ping_status":"open","sticky":false,"template":"","format":"standard","meta":{"footnotes":""},"categories":[7],"tags":[],"class_list":["post-136188","post","type-post","status-publish","format-standard","has-post-thumbnail","hentry","category-deportes"],"_links":{"self":[{"href":"http:\/\/elcuartopoder.com.mx\/nw\/wp-json\/wp\/v2\/posts\/136188","targetHints":{"allow":["GET"]}}],"collection":[{"href":"http:\/\/elcuartopoder.com.mx\/nw\/wp-json\/wp\/v2\/posts"}],"about":[{"href":"http:\/\/elcuartopoder.com.mx\/nw\/wp-json\/wp\/v2\/types\/post"}],"author":[{"embeddable":true,"href":"http:\/\/elcuartopoder.com.mx\/nw\/wp-json\/wp\/v2\/users\/2"}],"replies":[{"embeddable":true,"href":"http:\/\/elcuartopoder.com.mx\/nw\/wp-json\/wp\/v2\/comments?post=136188"}],"version-history":[{"count":1,"href":"http:\/\/elcuartopoder.com.mx\/nw\/wp-json\/wp\/v2\/posts\/136188\/revisions"}],"predecessor-version":[{"id":136190,"href":"http:\/\/elcuartopoder.com.mx\/nw\/wp-json\/wp\/v2\/posts\/136188\/revisions\/136190"}],"wp:featuredmedia":[{"embeddable":true,"href":"http:\/\/elcuartopoder.com.mx\/nw\/wp-json\/wp\/v2\/media\/136189"}],"wp:attachment":[{"href":"http:\/\/elcuartopoder.com.mx\/nw\/wp-json\/wp\/v2\/media?parent=136188"}],"wp:term":[{"taxonomy":"category","embeddable":true,"href":"http:\/\/elcuartopoder.com.mx\/nw\/wp-json\/wp\/v2\/categories?post=136188"},{"taxonomy":"post_tag","embeddable":true,"href":"http:\/\/elcuartopoder.com.mx\/nw\/wp-json\/wp\/v2\/tags?post=136188"}],"curies":[{"name":"wp","href":"https:\/\/api.w.org\/{rel}","templated":true}]}}