{"id":136271,"date":"2024-12-31T11:16:56","date_gmt":"2024-12-31T16:16:56","guid":{"rendered":"https:\/\/elcuartopoder.com.mx\/nw\/?p=136271"},"modified":"2024-12-31T11:16:58","modified_gmt":"2024-12-31T16:16:58","slug":"detienen-a-migrantes-venezolanos-presuntos-homicidas-de-agente-del-inm","status":"publish","type":"post","link":"http:\/\/elcuartopoder.com.mx\/nw\/policiacas\/detienen-a-migrantes-venezolanos-presuntos-homicidas-de-agente-del-inm\/","title":{"rendered":"Detienen a migrantes venezolanos presuntos homicidas de agente del INM"},"content":{"rendered":"\n<p><em>Chihuahua, Chih.<\/em>&nbsp;La Secretar\u00eda de Seguridad P\u00fablica del Estado de Chihuahua (SSPE) inform\u00f3 de la detenci\u00f3n de dos migrantes de Venezuela, se\u00f1alados como presuntos responsables de la muerte de un agente del Instituto Nacional de Migraci\u00f3n (INM), en las inmediaciones de la ruta Ju\u00e1rez a Samalayuca, la tarde de este lunes.&nbsp;<\/p>\n\n\n\n<p>La detenci\u00f3n ocurri\u00f3 luego del reporte al n\u00famero de emergencias 911, relacionado al ataque en contra de un agente federal de Migraci\u00f3n, mismo que fue confirmado por param\u00e9dicos del Centro Regulador de Urgencias M\u00e9dicas de Ciudad Ju\u00e1rez.<br><br>La Secretar\u00eda de Seguridad P\u00fablica Municipal recibi\u00f3 a las 13:22 horas el reporte de un hombre herido a pedradas, en las inmediaciones del ret\u00e9n militar y del INM conocido como \u201cPrecos\u201d, localizado en la carretera Panamericana y el desierto de Samalayuca, 35 kil\u00f3metros al sur de la ciudad fronteriza.<\/p>\n\n\n\n<p>Polic\u00eda estatal, Guardia Nacional y militares desplegaron un operativo en una brecha cercana al ret\u00e9n Precos, con una ambulancia, donde localizaron a un agente del INM fallecido, y al lugar llegaron peritos de criminal\u00edstica de la Fiscal\u00eda General del Estado para procesar la escena.<\/p>\n\n\n\n<p>Se despleg\u00f3 un operativo estrat\u00e9gico por parte de agentes de los Grupos Especiales de la SSPE, as\u00ed como una aeronave y personal de drones del \u00e1rea de Log\u00edstica, ubicando a dos posibles responsables en pocos minutos, en la cima de un cerro, donde intentaron ocultarse.<\/p>\n\n\n\n<p>El agente del INM, cuya identidad no fue informada oficialmente, realizaba un patrullaje en la brecha cuando ubic\u00f3 a un grupo de migrantes, intent\u00f3 detenerlos y fue atacado a pedradas, recibiendo lesiones que le provocaron la muerte.<br><br>La v\u00edctima present\u00f3 una lesi\u00f3n en el \u00e1rea cef\u00e1lica, fue encontrada sin signos vitales y con huellas de violencia. \u201cDe acuerdo con los reportes, los responsables ser\u00edan dos masculinos de origen venezolano\u201d, dio a conocer la SSPE.<\/p>\n\n\n\n<p>\u201cEn Chihuahua no se tolerar\u00e1n este tipo de actos de ninguna persona, nacional o extranjera, por lo que se mantendr\u00e1n operativos con elementos de los tres niveles de gobierno para evitar estas acciones\u201d.<\/p>\n","protected":false},"excerpt":{"rendered":"<p>Chihuahua, Chih.&nbsp;La Secretar\u00eda de Seguridad P\u00fablica del Estado de Chihuahua (SSPE) inform\u00f3 de la detenci\u00f3n de dos migrantes de Venezuela, se\u00f1alados como presuntos responsables de la muerte de un agente del Instituto Nacional de Migraci\u00f3n (INM), en las inmediaciones de la ruta Ju\u00e1rez a Samalayuca, la tarde de este lunes.&nbsp; La detenci\u00f3n ocurri\u00f3 luego del [&hellip;]<\/p>\n","protected":false},"author":2,"featured_media":136272,"comment_status":"open","ping_status":"open","sticky":false,"template":"","format":"standard","meta":{"footnotes":""},"categories":[23],"tags":[],"class_list":["post-136271","post","type-post","status-publish","format-standard","has-post-thumbnail","hentry","category-policiacas"],"_links":{"self":[{"href":"http:\/\/elcuartopoder.com.mx\/nw\/wp-json\/wp\/v2\/posts\/136271","targetHints":{"allow":["GET"]}}],"collection":[{"href":"http:\/\/elcuartopoder.com.mx\/nw\/wp-json\/wp\/v2\/posts"}],"about":[{"href":"http:\/\/elcuartopoder.com.mx\/nw\/wp-json\/wp\/v2\/types\/post"}],"author":[{"embeddable":true,"href":"http:\/\/elcuartopoder.com.mx\/nw\/wp-json\/wp\/v2\/users\/2"}],"replies":[{"embeddable":true,"href":"http:\/\/elcuartopoder.com.mx\/nw\/wp-json\/wp\/v2\/comments?post=136271"}],"version-history":[{"count":1,"href":"http:\/\/elcuartopoder.com.mx\/nw\/wp-json\/wp\/v2\/posts\/136271\/revisions"}],"predecessor-version":[{"id":136273,"href":"http:\/\/elcuartopoder.com.mx\/nw\/wp-json\/wp\/v2\/posts\/136271\/revisions\/136273"}],"wp:featuredmedia":[{"embeddable":true,"href":"http:\/\/elcuartopoder.com.mx\/nw\/wp-json\/wp\/v2\/media\/136272"}],"wp:attachment":[{"href":"http:\/\/elcuartopoder.com.mx\/nw\/wp-json\/wp\/v2\/media?parent=136271"}],"wp:term":[{"taxonomy":"category","embeddable":true,"href":"http:\/\/elcuartopoder.com.mx\/nw\/wp-json\/wp\/v2\/categories?post=136271"},{"taxonomy":"post_tag","embeddable":true,"href":"http:\/\/elcuartopoder.com.mx\/nw\/wp-json\/wp\/v2\/tags?post=136271"}],"curies":[{"name":"wp","href":"https:\/\/api.w.org\/{rel}","templated":true}]}}