{"id":136276,"date":"2025-01-02T10:39:47","date_gmt":"2025-01-02T15:39:47","guid":{"rendered":"https:\/\/elcuartopoder.com.mx\/nw\/?p=136276"},"modified":"2025-01-02T10:39:48","modified_gmt":"2025-01-02T15:39:48","slug":"descubre-que-es-la-generacion-beta-que-inicia-en-2025","status":"publish","type":"post","link":"http:\/\/elcuartopoder.com.mx\/nw\/varios\/descubre-que-es-la-generacion-beta-que-inicia-en-2025\/","title":{"rendered":"Descubre qu\u00e9 es la generaci\u00f3n Beta que inicia en 2025"},"content":{"rendered":"\n<p>Con el inicio de&nbsp;<strong>2025<\/strong>, llega tambi\u00e9n una nueva era demogr\u00e1fica: la&nbsp;<strong>generaci\u00f3n Beta<\/strong>. Este grupo incluir\u00e1 a todos los beb\u00e9s nacidos entre 2025 y 2039, quienes ser\u00e1n moldeados por un entorno global altamente tecnol\u00f3gico, seg\u00fan el dem\u00f3grafo Mark McCrindle.&nbsp;<\/p>\n\n\n\n<p>La generaci\u00f3n Beta sucede a la generaci\u00f3n Alfa, que abarc\u00f3 de\u00a0<strong>2010 a 2024. E<\/strong>ste nombre refleja un cambio significativo en la evoluci\u00f3n social y tecnol\u00f3gica, aludiendo a un mundo donde la inteligencia artificial (IA) y la automatizaci\u00f3n ser\u00e1n centrales.<br><br>Los hijos de los Millennials&nbsp;<strong>(generaci\u00f3n Y)<\/strong>&nbsp;y de la generaci\u00f3n&nbsp;<strong>Z<\/strong>&nbsp;vivir\u00e1n inmersos en avances como el transporte aut\u00f3nomo, entornos virtuales inmersivos y sistemas educativos personalizados por la IA.&nbsp;<\/p>\n\n\n\n<p>McCrindle destac\u00f3 que esta generaci\u00f3n enfrentar\u00e1 desaf\u00edos \u00fanicos, pero tambi\u00e9n oportunidades in\u00e9ditas gracias a la innovaci\u00f3n.<\/p>\n\n\n\n<blockquote class=\"wp-block-quote is-layout-flow wp-block-quote-is-layout-flow\">\n<p>\u201cLa tecnolog\u00eda ser\u00e1 clave no solo para facilitar la vida, sino para resolver problemas urgentes de su \u00e9poca\u201d, asegur\u00f3 el experto.&nbsp;<\/p>\n<\/blockquote>\n\n\n\n<h2 class=\"wp-block-heading\">Generaciones que anteceden a los Beta<\/h2>\n\n\n\n<p>El t\u00e9rmino generaci\u00f3n Beta sigue la nomenclatura de grupos previos como los&nbsp;<strong>Millennials y la generaci\u00f3n Z<\/strong>, marcando un hito hacia el futuro.<\/p>\n\n\n\n<p>Adem\u00e1s, esta generaci\u00f3n ser\u00e1 testigo del inicio del<strong>&nbsp;siglo XXII<\/strong>, viviendo los cambios sociales y tecnol\u00f3gicos m\u00e1s acelerados hasta la fecha.&nbsp; Entre las generaciones que anteceden a los Beta se encuentran:&nbsp;<\/p>\n\n\n\n<ul class=\"wp-block-list\">\n<li>Grandiosa (1901-1927)<\/li>\n\n\n\n<li>Silenciosa (1928-1945)<\/li>\n\n\n\n<li>Baby Boomers (1946-1964)<\/li>\n\n\n\n<li>Generaci\u00f3n X (1965-1980)<\/li>\n\n\n\n<li>Generaci\u00f3n Y o Millennials (1981-1996)<\/li>\n\n\n\n<li>Generaci\u00f3n Z (1997-2009)\u00a0<\/li>\n\n\n\n<li>Generaci\u00f3n Alfa (2010-2024)<\/li>\n<\/ul>\n\n\n\n<p>La generaci\u00f3n Beta ser\u00e1 pionera en la integraci\u00f3n total de la IA en la vida cotidiana, dejando atr\u00e1s paradigmas tradicionales y abriendo paso a un futuro inimaginable.&nbsp;<\/p>\n","protected":false},"excerpt":{"rendered":"<p>Con el inicio de&nbsp;2025, llega tambi\u00e9n una nueva era demogr\u00e1fica: la&nbsp;generaci\u00f3n Beta. Este grupo incluir\u00e1 a todos los beb\u00e9s nacidos entre 2025 y 2039, quienes ser\u00e1n moldeados por un entorno global altamente tecnol\u00f3gico, seg\u00fan el dem\u00f3grafo Mark McCrindle.&nbsp; La generaci\u00f3n Beta sucede a la generaci\u00f3n Alfa, que abarc\u00f3 de\u00a02010 a 2024. Este nombre refleja un [&hellip;]<\/p>\n","protected":false},"author":2,"featured_media":136277,"comment_status":"open","ping_status":"open","sticky":false,"template":"","format":"standard","meta":{"footnotes":""},"categories":[64],"tags":[],"class_list":["post-136276","post","type-post","status-publish","format-standard","has-post-thumbnail","hentry","category-varios"],"_links":{"self":[{"href":"http:\/\/elcuartopoder.com.mx\/nw\/wp-json\/wp\/v2\/posts\/136276","targetHints":{"allow":["GET"]}}],"collection":[{"href":"http:\/\/elcuartopoder.com.mx\/nw\/wp-json\/wp\/v2\/posts"}],"about":[{"href":"http:\/\/elcuartopoder.com.mx\/nw\/wp-json\/wp\/v2\/types\/post"}],"author":[{"embeddable":true,"href":"http:\/\/elcuartopoder.com.mx\/nw\/wp-json\/wp\/v2\/users\/2"}],"replies":[{"embeddable":true,"href":"http:\/\/elcuartopoder.com.mx\/nw\/wp-json\/wp\/v2\/comments?post=136276"}],"version-history":[{"count":1,"href":"http:\/\/elcuartopoder.com.mx\/nw\/wp-json\/wp\/v2\/posts\/136276\/revisions"}],"predecessor-version":[{"id":136278,"href":"http:\/\/elcuartopoder.com.mx\/nw\/wp-json\/wp\/v2\/posts\/136276\/revisions\/136278"}],"wp:featuredmedia":[{"embeddable":true,"href":"http:\/\/elcuartopoder.com.mx\/nw\/wp-json\/wp\/v2\/media\/136277"}],"wp:attachment":[{"href":"http:\/\/elcuartopoder.com.mx\/nw\/wp-json\/wp\/v2\/media?parent=136276"}],"wp:term":[{"taxonomy":"category","embeddable":true,"href":"http:\/\/elcuartopoder.com.mx\/nw\/wp-json\/wp\/v2\/categories?post=136276"},{"taxonomy":"post_tag","embeddable":true,"href":"http:\/\/elcuartopoder.com.mx\/nw\/wp-json\/wp\/v2\/tags?post=136276"}],"curies":[{"name":"wp","href":"https:\/\/api.w.org\/{rel}","templated":true}]}}