{"id":136279,"date":"2025-01-02T10:42:53","date_gmt":"2025-01-02T15:42:53","guid":{"rendered":"https:\/\/elcuartopoder.com.mx\/nw\/?p=136279"},"modified":"2025-01-02T10:42:55","modified_gmt":"2025-01-02T15:42:55","slug":"ano-nuevo-poder-y-comunidad","status":"publish","type":"post","link":"http:\/\/elcuartopoder.com.mx\/nw\/editorial\/ano-nuevo-poder-y-comunidad\/","title":{"rendered":"A\u00f1o Nuevo: poder y comunidad"},"content":{"rendered":"\n<p>A prop\u00f3sito de la remembranza de Jimmy Carter, el expresidente de Estados Unidos fallecido este domingo a los 100 a\u00f1os y Premio Nobel de la Paz 2002 por su trabajo pacifista y promoci\u00f3n de los derechos humanos, vale la pena recordar y parafrasear la forma c\u00f3mo entend\u00eda el poder: una herramienta para servir, liderar con humildad e impulsar el bienestar de las y los dem\u00e1s.<\/p>\n\n\n\n<p>En ese sentido, el liderazgo m\u00e1s \u00fatil es aquel enfocado en su capacidad de influencia para abordar injusticias, construir paz y mejorar las condiciones de vida de las personas. Transformar, en s\u00edntesis. Y este a\u00f1o a unas horas de terminar deja grandes lecciones y muestras de la eficacia de dos mujeres en las principales posiciones de poder.<br><br>A prop\u00f3sito de la remembranza de Jimmy Carter, el expresidente de Estados Unidos fallecido este domingo a los 100 a\u00f1os y Premio Nobel de la Paz 2002 por su trabajo pacifista y promoci\u00f3n de los derechos humanos, vale la pena recordar y parafrasear la forma c\u00f3mo entend\u00eda el poder: una herramienta para servir, liderar con humildad e impulsar el bienestar de las y los dem\u00e1s.<\/p>\n\n\n\n<p>En ese sentido, el liderazgo m\u00e1s \u00fatil es aquel enfocado en su capacidad de influencia para abordar injusticias, construir paz y mejorar las condiciones de vida de las personas. Transformar, en s\u00edntesis. Y este a\u00f1o a unas horas de terminar deja grandes lecciones y muestras de la eficacia de dos mujeres en las principales posiciones de poder.<br><br>Claudia Sheinbaum Pardo desde la Presidencia de la Rep\u00fablica y Clara Brugada Molina en la Jefatura de Gobierno de la Ciudad de M\u00e9xico detonan las expectativas ciudadanas respecto a las probabilidades de ventura. Se fortalecen en esta \u00e9poca con el inicio de un nuevo a\u00f1o. Ambas representan un gran poder pol\u00edtico y social promotor de cambios, como elevar a rango constitucional programas sociales benefactores de m\u00e1s de 14 millones de personas o el desarrollo de un modelo de seguridad integral con atenci\u00f3n al origen de la actividad delictiva y a la inteligencia policial.<\/p>\n\n\n\n<p>Datos y condiciones que fundamentan la opini\u00f3n del 71 por ciento de la poblaci\u00f3n confiada en que el pr\u00f3ximo a\u00f1o le ir\u00e1 mejor en comparaci\u00f3n con este 2024, de acuerdo con la encuesta de Heraldo Media Group y QM Estudios de Opini\u00f3n, publicada ayer.<br><br>\u00bfQu\u00e9 estamos dispuestos a realizar para atraer la buena fortuna? \u00bfColocar unas monedas en los zapatos, arrojar al aire un pu\u00f1ado de lentejas, colgar detr\u00e1s de la puerta un borreguito lanudo o vestir calzones de diferentes colores seg\u00fan el deseo principal? Tambi\u00e9n importa defender a la naci\u00f3n, la m\u00e1s alta comunidad frente a la amenaza a iniciarse f\u00e1cticamente en enero con un nuevo gobierno estadounidense m\u00e1s demag\u00f3gico y peligroso de lo que pudiera aceptarse.<\/p>\n\n\n\n<p>Las tradiciones relacionadas con el A\u00f1o Nuevo y la atracci\u00f3n de la prosperidad abundan ante una disposici\u00f3n natural por construir un futuro mejor, en un periodo asociado a la renovaci\u00f3n, progreso y la oportunidad de enmendar. Expectativas que en conjunto promueven una narrativa optimista, reforzada con la promoci\u00f3n gubernamental de la cultura y entretenimiento con eventos como el de Polymarch esta noche en el \u00c1ngel de la Independencia.<\/p>\n\n\n\n<p>Espacio para hacer comunidad, contribuir a la seguridad desde la ciudadan\u00eda en convergencia con la disposici\u00f3n de quienes est\u00e1n en posiciones de control pol\u00edtico y en contra de la promoci\u00f3n de cualquier paradoja seg\u00fan la cual la centralizaci\u00f3n de poder inhibe eficiencia.<br><br>Carter ve\u00eda al poder pol\u00edtico como una responsabilidad para servir a la sociedad, nunca como un privilegio personal o un medio para perpetuar el dominio. Para este 2025, M\u00e9xico tiene claridad: hay poder y comunidad.<\/p>\n\n\n\n<p>POR&nbsp;SALVADOR GUERRERO CHIPR\u00c9S<\/p>\n","protected":false},"excerpt":{"rendered":"<p>A prop\u00f3sito de la remembranza de Jimmy Carter, el expresidente de Estados Unidos fallecido este domingo a los 100 a\u00f1os y Premio Nobel de la Paz 2002 por su trabajo pacifista y promoci\u00f3n de los derechos humanos, vale la pena recordar y parafrasear la forma c\u00f3mo entend\u00eda el poder: una herramienta para servir, liderar con [&hellip;]<\/p>\n","protected":false},"author":2,"featured_media":136280,"comment_status":"open","ping_status":"open","sticky":false,"template":"","format":"standard","meta":{"footnotes":""},"categories":[63],"tags":[],"class_list":["post-136279","post","type-post","status-publish","format-standard","has-post-thumbnail","hentry","category-editorial"],"_links":{"self":[{"href":"http:\/\/elcuartopoder.com.mx\/nw\/wp-json\/wp\/v2\/posts\/136279","targetHints":{"allow":["GET"]}}],"collection":[{"href":"http:\/\/elcuartopoder.com.mx\/nw\/wp-json\/wp\/v2\/posts"}],"about":[{"href":"http:\/\/elcuartopoder.com.mx\/nw\/wp-json\/wp\/v2\/types\/post"}],"author":[{"embeddable":true,"href":"http:\/\/elcuartopoder.com.mx\/nw\/wp-json\/wp\/v2\/users\/2"}],"replies":[{"embeddable":true,"href":"http:\/\/elcuartopoder.com.mx\/nw\/wp-json\/wp\/v2\/comments?post=136279"}],"version-history":[{"count":1,"href":"http:\/\/elcuartopoder.com.mx\/nw\/wp-json\/wp\/v2\/posts\/136279\/revisions"}],"predecessor-version":[{"id":136281,"href":"http:\/\/elcuartopoder.com.mx\/nw\/wp-json\/wp\/v2\/posts\/136279\/revisions\/136281"}],"wp:featuredmedia":[{"embeddable":true,"href":"http:\/\/elcuartopoder.com.mx\/nw\/wp-json\/wp\/v2\/media\/136280"}],"wp:attachment":[{"href":"http:\/\/elcuartopoder.com.mx\/nw\/wp-json\/wp\/v2\/media?parent=136279"}],"wp:term":[{"taxonomy":"category","embeddable":true,"href":"http:\/\/elcuartopoder.com.mx\/nw\/wp-json\/wp\/v2\/categories?post=136279"},{"taxonomy":"post_tag","embeddable":true,"href":"http:\/\/elcuartopoder.com.mx\/nw\/wp-json\/wp\/v2\/tags?post=136279"}],"curies":[{"name":"wp","href":"https:\/\/api.w.org\/{rel}","templated":true}]}}