{"id":136285,"date":"2025-01-02T10:52:49","date_gmt":"2025-01-02T15:52:49","guid":{"rendered":"https:\/\/elcuartopoder.com.mx\/nw\/?p=136285"},"modified":"2025-01-02T10:52:51","modified_gmt":"2025-01-02T15:52:51","slug":"2024-todo-el-poder-para-el-narco","status":"publish","type":"post","link":"http:\/\/elcuartopoder.com.mx\/nw\/policiacas\/2024-todo-el-poder-para-el-narco\/","title":{"rendered":"2024, todo el poder para el narco"},"content":{"rendered":"\n<p>S\u00e9 que el balance que se hace del 24 depende del cristal con el que se mire. Los integrantes de la 4t y simpatizantes han tenido todo para estar jubilosos (si bien, curiosamente, no ha dejado de v\u00e9rseles resentidos y frustrados). Ellos no debieran querer que este a\u00f1o termine nunca. Les fue muy bien en las elecciones federales pasadas y las autoridades electorales hasta les regalaron un bono adicional: la mayor\u00eda calificada que no obtuvieron en la urnas.<\/p>\n\n\n\n<p>No se tienen que preocupar por la oposici\u00f3n partidista. Esta fue sepultada. Pero a\u00fan no saben qu\u00e9 les pas\u00f3 por encima. \u00bfAdversarios? \u00bfUn@ que otr@ articulista?\u2026<br><br>Constituci\u00f3n y Poder Judicial, caput; el 2024 marca su defunci\u00f3n.<\/p>\n\n\n\n<p>Hasta aqu\u00ed ninguna novedad. Se resume en el recuento que se ha podido leer sobre este a\u00f1o en muchos reportajes y en diversas columnas de opini\u00f3n. Todos concluyen que Morena ha amasado un poder pol\u00edtico, econ\u00f3mico y social enorme.<br><br>Pero nadie que yo sepa se aventura a dar como resumen final de este a\u00f1o que concluye algo que para m\u00ed lo es todo: este a\u00f1o ha sido el del narco; todo el poder para ellos.<\/p>\n\n\n\n<p>La industria y los actores del narcotr\u00e1fico (muchas veces entrelazadas con los gobiernos, aunque no siempre) consolidaron su poder a un grado no visto nunca antes. Hoy, m\u00e1s all\u00e1 de las bravatas de Trump, se les menciona a nivel internacional como los pr\u00f3ximos amos y se\u00f1ores de una nueva forma de terrorismo. F\u00edjense ustedes nom\u00e1s&#8230;<\/p>\n\n\n\n<p>Sinaloa tal vez sea uno de sus \u201clogros\u201d m\u00e1s visibles. Tristemente no de los m\u00e1s grandes y profundos. Podr\u00eda apostar en ello.<\/p>\n\n\n\n<p>Pero basta con la guerra en Sinaloa para darse cuenta que su poder de fuego \u2014el del narco\u2014 compite con el del Estado; que sociedad, gobernantes y crimen est\u00e1n entremezclados. Ya forman un ente indivisible. L\u00e1stima que las guerras que libran entre grupos, facciones, carteles, cobra la vida de seres inocentes (aunque las autoridades siempre salen con su narrativa de \u201clas bajas se dieron entre implicados en el crimen y porque andaban en malos pasos\u201d). \u00bfTambi\u00e9n debemos incluir entre ellos a los que sin deberla ni temerla les toca estar en medio de una refriega? \u00bfO a los miles de sinaloenses que han perdido su sustento y\/o trabajo al desplomarse la actividad econ\u00f3mica de la entidad?<\/p>\n\n\n\n<p>Todo el poder a quienes han invadido pueblos enteros. En Sinaloa, pero tambi\u00e9n en Chiapas, Guerrero, Michoac\u00e1n, Estado de M\u00e9xico, Puebla, Guanajuato\u2026 Miles, qu\u00e9 digo miles, \u00a1millones! de connacionales han tenido que huir a Estados Unidos y ahora tambi\u00e9n a Guatemala. Dejar todo, incluso sus casas, porque viven en territorio de guerra o bien porque los grupos delictivos les exigen sus propiedades y negocios.<\/p>\n\n\n\n<p>No respetan ni la Navidad. Ah\u00ed los tienen repartiendo juguetes en Coalcom\u00e1n, Michoac\u00e1n. \u201cEl Mencho\u201d, Nemesio Oseguera, l\u00edder del Cartel Jalisco Nueva Generaci\u00f3n, haci\u00e9ndola de Pap\u00e1 Noel. La alcaldesa naranja, Anavel \u00c1vila Castrej\u00f3n, en papel de duende navide\u00f1o.<\/p>\n\n\n\n<p>L\u00edderes narcos dan juguetes, comida, medicinas y hasta limosnas. No es de ahora, tambi\u00e9n antes. Lo que s\u00ed es nuevo es el descaro con que lo hacen y el inmenso poder que han adquirido. Ponen o quitan l\u00edderes pol\u00edticos. Y cuando no lo logran, los asesinan. Reyes absolutos en asesinatos y desapariciones. Recibieron abrazos durante el sexenio pasado y respondieron con m\u00e1s balazos.<\/p>\n\n\n\n<p>El a\u00f1o de los narcos, pero como vamos, no ser\u00e1 el primero; vendr\u00e1n m\u00e1s. Llevan a\u00f1os consolidando su imperio de violencia y muerte. Para los narcos, un a\u00f1o cuyo poder genera sombras en el mundo.<\/p>\n\n\n\n<p>POR VER\u00d3NICA MALO GUZM\u00c1N<\/p>\n","protected":false},"excerpt":{"rendered":"<p>S\u00e9 que el balance que se hace del 24 depende del cristal con el que se mire. Los integrantes de la 4t y simpatizantes han tenido todo para estar jubilosos (si bien, curiosamente, no ha dejado de v\u00e9rseles resentidos y frustrados). Ellos no debieran querer que este a\u00f1o termine nunca. Les fue muy bien en [&hellip;]<\/p>\n","protected":false},"author":2,"featured_media":136286,"comment_status":"open","ping_status":"open","sticky":false,"template":"","format":"standard","meta":{"footnotes":""},"categories":[23],"tags":[],"class_list":["post-136285","post","type-post","status-publish","format-standard","has-post-thumbnail","hentry","category-policiacas"],"_links":{"self":[{"href":"http:\/\/elcuartopoder.com.mx\/nw\/wp-json\/wp\/v2\/posts\/136285","targetHints":{"allow":["GET"]}}],"collection":[{"href":"http:\/\/elcuartopoder.com.mx\/nw\/wp-json\/wp\/v2\/posts"}],"about":[{"href":"http:\/\/elcuartopoder.com.mx\/nw\/wp-json\/wp\/v2\/types\/post"}],"author":[{"embeddable":true,"href":"http:\/\/elcuartopoder.com.mx\/nw\/wp-json\/wp\/v2\/users\/2"}],"replies":[{"embeddable":true,"href":"http:\/\/elcuartopoder.com.mx\/nw\/wp-json\/wp\/v2\/comments?post=136285"}],"version-history":[{"count":1,"href":"http:\/\/elcuartopoder.com.mx\/nw\/wp-json\/wp\/v2\/posts\/136285\/revisions"}],"predecessor-version":[{"id":136287,"href":"http:\/\/elcuartopoder.com.mx\/nw\/wp-json\/wp\/v2\/posts\/136285\/revisions\/136287"}],"wp:featuredmedia":[{"embeddable":true,"href":"http:\/\/elcuartopoder.com.mx\/nw\/wp-json\/wp\/v2\/media\/136286"}],"wp:attachment":[{"href":"http:\/\/elcuartopoder.com.mx\/nw\/wp-json\/wp\/v2\/media?parent=136285"}],"wp:term":[{"taxonomy":"category","embeddable":true,"href":"http:\/\/elcuartopoder.com.mx\/nw\/wp-json\/wp\/v2\/categories?post=136285"},{"taxonomy":"post_tag","embeddable":true,"href":"http:\/\/elcuartopoder.com.mx\/nw\/wp-json\/wp\/v2\/tags?post=136285"}],"curies":[{"name":"wp","href":"https:\/\/api.w.org\/{rel}","templated":true}]}}