{"id":136301,"date":"2025-01-02T15:08:27","date_gmt":"2025-01-02T20:08:27","guid":{"rendered":"https:\/\/elcuartopoder.com.mx\/nw\/?p=136301"},"modified":"2025-01-02T15:08:29","modified_gmt":"2025-01-02T20:08:29","slug":"encuentran-en-un-charco-de-sangre-el-cuerpo-de-un-hombre-en-la-colonia-las-americas-de-isla-mujeres","status":"publish","type":"post","link":"http:\/\/elcuartopoder.com.mx\/nw\/municipales\/encuentran-en-un-charco-de-sangre-el-cuerpo-de-un-hombre-en-la-colonia-las-americas-de-isla-mujeres\/","title":{"rendered":"Encuentran en un charco de sangre el cuerpo de un hombre en la colonia Las Am\u00e9ricas de Isla Mujeres"},"content":{"rendered":"\n<p><strong>ISLA MUJERES, MX.-<\/strong>&nbsp;Un hombre fue asesinado y encontrado esta ma\u00f1ana tirado en una calle de terracer\u00eda de la colonia Las Am\u00e9ricas de la Zona Continental de Isla Mujeres.<\/p>\n\n\n\n<p>El reporte fue hecho alrededor de las 8 de la ma\u00f1ana por vecinos de esta colonia que se ubica en las inmediaciones de la avenida Rancho Viejo.<\/p>\n\n\n<div class=\"wp-block-image\">\n<figure class=\"aligncenter\"><img decoding=\"async\" src=\"https:\/\/noticaribe.com.mx\/wp\/wp-content\/uploads\/2025\/01\/IMG-20250102-WA0015.jpg\" alt=\"\" class=\"wp-image-739904\"\/><\/figure><\/div>\n\n\n<p>Primeros datos refieren que el occiso se trata de un hombre de entre 25 y 30 a\u00f1os de edad, cuyo cuerpo fue encontrado tirado bocabajo en un charco de sangre.<\/p>\n\n\n\n<p>Al llegar, elementos de la Polic\u00eda Municipal confirmaron que el hombre estaba inconsciente, pero minutos despu\u00e9s param\u00e9dicos corroboraron que ya no contaba con signos vitales.<\/p>\n\n\n\n<p>El hombre presentaba m\u00faltiples lesiones, aunque a\u00fan se desconoce si fueron causadas con arma blanca o de fuego.<\/p>\n\n\n<div class=\"wp-block-image\">\n<figure class=\"aligncenter\"><img decoding=\"async\" src=\"https:\/\/noticaribe.com.mx\/wp\/wp-content\/uploads\/2025\/01\/IMG-20250102-WA0014.jpg\" alt=\"\" class=\"wp-image-739903\"\/><\/figure><\/div>\n\n\n<p>Elementos polic\u00edacos acordonaron la zona que despu\u00e9s fue procesada por peritos de la Fiscal\u00eda General del Estado.<\/p>\n\n\n\n<p>El cuerpo del hombre fue llevado finalmente al Servicio M\u00e9dico Forense.&nbsp;<strong>(Agencia SIM)<\/strong><\/p>\n","protected":false},"excerpt":{"rendered":"<p>ISLA MUJERES, MX.-&nbsp;Un hombre fue asesinado y encontrado esta ma\u00f1ana tirado en una calle de terracer\u00eda de la colonia Las Am\u00e9ricas de la Zona Continental de Isla Mujeres. El reporte fue hecho alrededor de las 8 de la ma\u00f1ana por vecinos de esta colonia que se ubica en las inmediaciones de la avenida Rancho Viejo. [&hellip;]<\/p>\n","protected":false},"author":2,"featured_media":136302,"comment_status":"open","ping_status":"open","sticky":false,"template":"","format":"standard","meta":{"footnotes":""},"categories":[6],"tags":[],"class_list":["post-136301","post","type-post","status-publish","format-standard","has-post-thumbnail","hentry","category-municipales"],"_links":{"self":[{"href":"http:\/\/elcuartopoder.com.mx\/nw\/wp-json\/wp\/v2\/posts\/136301","targetHints":{"allow":["GET"]}}],"collection":[{"href":"http:\/\/elcuartopoder.com.mx\/nw\/wp-json\/wp\/v2\/posts"}],"about":[{"href":"http:\/\/elcuartopoder.com.mx\/nw\/wp-json\/wp\/v2\/types\/post"}],"author":[{"embeddable":true,"href":"http:\/\/elcuartopoder.com.mx\/nw\/wp-json\/wp\/v2\/users\/2"}],"replies":[{"embeddable":true,"href":"http:\/\/elcuartopoder.com.mx\/nw\/wp-json\/wp\/v2\/comments?post=136301"}],"version-history":[{"count":1,"href":"http:\/\/elcuartopoder.com.mx\/nw\/wp-json\/wp\/v2\/posts\/136301\/revisions"}],"predecessor-version":[{"id":136303,"href":"http:\/\/elcuartopoder.com.mx\/nw\/wp-json\/wp\/v2\/posts\/136301\/revisions\/136303"}],"wp:featuredmedia":[{"embeddable":true,"href":"http:\/\/elcuartopoder.com.mx\/nw\/wp-json\/wp\/v2\/media\/136302"}],"wp:attachment":[{"href":"http:\/\/elcuartopoder.com.mx\/nw\/wp-json\/wp\/v2\/media?parent=136301"}],"wp:term":[{"taxonomy":"category","embeddable":true,"href":"http:\/\/elcuartopoder.com.mx\/nw\/wp-json\/wp\/v2\/categories?post=136301"},{"taxonomy":"post_tag","embeddable":true,"href":"http:\/\/elcuartopoder.com.mx\/nw\/wp-json\/wp\/v2\/tags?post=136301"}],"curies":[{"name":"wp","href":"https:\/\/api.w.org\/{rel}","templated":true}]}}