{"id":136317,"date":"2025-01-02T16:55:52","date_gmt":"2025-01-02T21:55:52","guid":{"rendered":"https:\/\/elcuartopoder.com.mx\/nw\/?p=136317"},"modified":"2025-01-02T16:55:54","modified_gmt":"2025-01-02T21:55:54","slug":"la-onu-pide-reducir-de-forma-drastica-las-emisiones-tras-un-2024-de-temperaturas-record","status":"publish","type":"post","link":"http:\/\/elcuartopoder.com.mx\/nw\/internacionales\/la-onu-pide-reducir-de-forma-drastica-las-emisiones-tras-un-2024-de-temperaturas-record\/","title":{"rendered":"La ONU pide reducir de forma \u00abdr\u00e1stica\u00bb las emisiones tras un 2024 de temperaturas r\u00e9cord"},"content":{"rendered":"\n<p>Tras un 2024 de temperaturas r\u00e9cord como consecuencia del&nbsp;<a href=\"https:\/\/www.abc.es\/antropia\/proxima-recesion-llama-cambio-climatico-20240417170109-nt.html\">cambio clim\u00e1tico<\/a>, la ONU pide una reducci\u00f3n \u00abdr\u00e1stica\u00bb de las emisiones en 2025 y actuar con mayor responsabilidad. En un mensaje de cara al nuevo a\u00f1o, los responsables de Naciones Unidas recuerdan que el a\u00f1o saliente ha sido el&nbsp;<strong>m\u00e1s c\u00e1lido jam\u00e1s registrado<\/strong>&nbsp;e instan al mundo a dar marcha atr\u00e1s y apartarse del \u00abcamino hacia la ruina\u00bb.<\/p>\n\n\n\n<p>\u00abLas emisiones de gases de efecto invernadero han aumentado hasta alcanzar nuevos m\u00e1ximos hist\u00f3ricos, lo que supone m\u00e1s calor para el futuro\u00bb, seg\u00fan la&nbsp;<strong>Organizaci\u00f3n Meteorol\u00f3gica Mundial<\/strong>&nbsp;(OMM).<\/p>\n\n\n\n<p>\u00abEl cambio clim\u00e1tico se manifiesta ante nuestros ojos casi a diario en forma de un aumento de los fen\u00f3menos meteorol\u00f3gicos extremos y de su impacto\u00bb, ha declarado la Secretaria General de la OMM,\u00a0<strong>Celeste Saulo<\/strong>. \u00abEste a\u00f1o hemos sido testigos de precipitaciones e inundaciones sin precedentes y de terribles p\u00e9rdidas de vidas humanas en muchos pa\u00edses\u00bb, ha a\u00f1adido.<br><br>\u00abLos ciclones tropicales se cobraron un terrible precio humano y econ\u00f3mico\u00bb, apunta\u00a0<strong>Saulo<\/strong>, y cita como ejemplo al peque\u00f1o archipi\u00e9lago franc\u00e9s de\u00a0<strong>Mayotte<\/strong>, en el Oc\u00e9ano Ind\u00edco, que fue asolado este mes por el cicl\u00f3n Chido, informa Ep.<br><br>Se\u00f1ala adem\u00e1s que \u00abintensas olas de calor azotaron decenas de pa\u00edses\u00bb en 2024, con temperaturas que superaron los&nbsp;<strong>50 grados cent\u00edgrados<\/strong>, sin olvidar \u00ablos incendios forestales que causaron numerosos estragos\u00bb. El acuerdo sobre el clima de Par\u00eds de 2015 pretend\u00eda contener el calentamiento por debajo de 2 \u00baC y continuar los esfuerzos para limitarlo a 1,5 \u00baC.<\/p>\n\n\n\n<p>En noviembre, la OMM indic\u00f3 que de enero a septiembre de 2024, la&nbsp;<strong>temperatura media del aire<\/strong>&nbsp;en la superficie del globo fue superior a 1,54 \u00baC a la media preindustrial. Como consecuencia, 2024 podr\u00eda superar con creces el r\u00e9cord de 2023.<\/p>\n\n\n\n<p>El a\u00f1o pasado, las temperaturas fueron 1,45 \u00baC m\u00e1s altas que antes de la&nbsp;<strong>revoluci\u00f3n industrial<\/strong>, cuando la humanidad empez\u00f3 a quemar grandes cantidades de combustibles f\u00f3siles. La OMM publicar\u00e1 en enero la cifra definitiva de la temperatura mundial en 2024, y en marzo el informe completo sobre el estado del clima mundial para ese mismo a\u00f1o.<\/p>\n\n\n\n<p>En su mensaje de A\u00f1o Nuevo, el Secretario General de la ONU,&nbsp;<strong>Ant\u00f3nio Guterres<\/strong>, mencion\u00f3 este lunes las temperaturas r\u00e9cord registradas en la \u00faltima d\u00e9cada. \u00abHoy puedo afirmar oficialmente de que acabamos de soportar una d\u00e9cada de calor mortal. Los 10 a\u00f1os m\u00e1s calurosos jam\u00e1s registrados tuvieron lugar en los \u00faltimos 10 a\u00f1os, incluido 2024\u00bb, afirm\u00f3.<\/p>\n\n\n\n<p>\u00abEsto es el&nbsp;<strong>colapso clim\u00e1tico<\/strong>&nbsp;en tiempo real. Debemos apartarnos del camino hacia la ruina, no tenemos tiempo que perder\u00bb, dijo Guterres.<\/p>\n\n\n\n<p>\u00abEn 2025, los pa\u00edses deben dirigir al mundo en una senda m\u00e1s segura, reduciendo dr\u00e1sticamente las emisiones y apoyando la transici\u00f3n hacia un futuro renovable. Es esencial, y es posible\u00bb, a\u00f1adi\u00f3.<\/p>\n\n\n\n<p><\/p>\n","protected":false},"excerpt":{"rendered":"<p>Tras un 2024 de temperaturas r\u00e9cord como consecuencia del&nbsp;cambio clim\u00e1tico, la ONU pide una reducci\u00f3n \u00abdr\u00e1stica\u00bb de las emisiones en 2025 y actuar con mayor responsabilidad. En un mensaje de cara al nuevo a\u00f1o, los responsables de Naciones Unidas recuerdan que el a\u00f1o saliente ha sido el&nbsp;m\u00e1s c\u00e1lido jam\u00e1s registrado&nbsp;e instan al mundo a dar [&hellip;]<\/p>\n","protected":false},"author":2,"featured_media":136318,"comment_status":"open","ping_status":"open","sticky":false,"template":"","format":"standard","meta":{"footnotes":""},"categories":[8],"tags":[],"class_list":["post-136317","post","type-post","status-publish","format-standard","has-post-thumbnail","hentry","category-internacionales"],"_links":{"self":[{"href":"http:\/\/elcuartopoder.com.mx\/nw\/wp-json\/wp\/v2\/posts\/136317","targetHints":{"allow":["GET"]}}],"collection":[{"href":"http:\/\/elcuartopoder.com.mx\/nw\/wp-json\/wp\/v2\/posts"}],"about":[{"href":"http:\/\/elcuartopoder.com.mx\/nw\/wp-json\/wp\/v2\/types\/post"}],"author":[{"embeddable":true,"href":"http:\/\/elcuartopoder.com.mx\/nw\/wp-json\/wp\/v2\/users\/2"}],"replies":[{"embeddable":true,"href":"http:\/\/elcuartopoder.com.mx\/nw\/wp-json\/wp\/v2\/comments?post=136317"}],"version-history":[{"count":1,"href":"http:\/\/elcuartopoder.com.mx\/nw\/wp-json\/wp\/v2\/posts\/136317\/revisions"}],"predecessor-version":[{"id":136319,"href":"http:\/\/elcuartopoder.com.mx\/nw\/wp-json\/wp\/v2\/posts\/136317\/revisions\/136319"}],"wp:featuredmedia":[{"embeddable":true,"href":"http:\/\/elcuartopoder.com.mx\/nw\/wp-json\/wp\/v2\/media\/136318"}],"wp:attachment":[{"href":"http:\/\/elcuartopoder.com.mx\/nw\/wp-json\/wp\/v2\/media?parent=136317"}],"wp:term":[{"taxonomy":"category","embeddable":true,"href":"http:\/\/elcuartopoder.com.mx\/nw\/wp-json\/wp\/v2\/categories?post=136317"},{"taxonomy":"post_tag","embeddable":true,"href":"http:\/\/elcuartopoder.com.mx\/nw\/wp-json\/wp\/v2\/tags?post=136317"}],"curies":[{"name":"wp","href":"https:\/\/api.w.org\/{rel}","templated":true}]}}