{"id":136321,"date":"2025-01-02T18:53:42","date_gmt":"2025-01-02T23:53:42","guid":{"rendered":"https:\/\/elcuartopoder.com.mx\/nw\/?p=136321"},"modified":"2025-01-02T18:53:44","modified_gmt":"2025-01-02T23:53:44","slug":"que-dia-empiezan-las-rebajas-de-enero-fechas-de-zara-el-corte-ingles-mango-y-resto-de-tiendas","status":"publish","type":"post","link":"http:\/\/elcuartopoder.com.mx\/nw\/economia\/que-dia-empiezan-las-rebajas-de-enero-fechas-de-zara-el-corte-ingles-mango-y-resto-de-tiendas\/","title":{"rendered":"Qu\u00e9 d\u00eda empiezan las rebajas de enero: fechas de Zara, El Corte Ingl\u00e9s, Mango y resto de tiendas"},"content":{"rendered":"\n<p>Despu\u00e9s de Navidad, llega uno de los momentos m\u00e1s esperados de cada temporada por todos los amantes de la moda,\u00a0<strong>las rebajas de invierno<\/strong>. Aunque durante las pascuas &#8211; sobre todo el d\u00eda de Reyes &#8211; se suelen recibir\u00a0<a href=\"https:\/\/www.abc.es\/estilo\/belleza\/mejores-perfumes-mujer-regalar-navidades-20241221120410-nt.html\" target=\"_blank\" rel=\"noreferrer noopener\">regalos<\/a>\u00a0especiales, la \u00e9poca de descuentos se convierte en el momento perfecto para conseguir ese capricho que tantos meses llevas queriendo o esa prenda esencial que por un motivo u otro, a\u00fan no has podido conseguir. Y esto, a precios mucho m\u00e1s asequibles que durante el resto del a\u00f1o.<br><br>Por regla general, las marcas comienzan a bajar el precio de sus art\u00edculos el d\u00eda 7 de enero, justo cuando acaba oficialmente la \u00e9poca navide\u00f1a, pero lo cierto es que cada casa tiene una fecha oficial de inicio, sobre todo teniendo en cuenta que a veces, los descuentos empiezan antes de forma online que f\u00edsica. Incluso, hay marcas que podr\u00edan empezar antes del d\u00eda de Reyes, lo que viene genial de cara a comprar detalles a menos coste.<\/p>\n\n\n\n<h3 class=\"wp-block-heading\">Inditex<\/h3>\n\n\n\n<p>Las rebajas del\u00a0<strong>grupo Inditex<\/strong>\u00a0son sin duda las m\u00e1s esperadas y aunque no han hecho un comunicado oficial, cada temporada siguen la misma tendencia.\u00a0<strong>Zara, Zara Home, Massimo Dutti, Bershka, Stradivarius, Oysho, Pull &amp; Bear y Lefties<\/strong>\u00a0podr\u00edan comenzar con los descuentos de su cat\u00e1logo el d\u00eda 6 de enero de forma online.<br><br>No obstante, cada una de estas firmas empezar\u00e1 a una hora diferente. Normalmente, Zara siempre suele ser la \u00faltima. Adem\u00e1s, en la aplicaci\u00f3n m\u00f3vil comenzar\u00e1n una hora antes que en la web. Se estima que en la &#8216;app&#8217;, Zara empiece a las 20 horas del d\u00eda 6 y las dem\u00e1s firmas, algo antes. En tiendas f\u00edsicas, ser\u00e1 el 7 de enero.<br><br>Mango<\/p>\n\n\n\n<p>Al igual que Zara, Mango podr\u00eda dar el pistoletazo de salida a sus rebajas el 6 de enero a las 20 horas de forma online. En establecimientos f\u00edsicos, el d\u00eda 7 de enero. No obstante, muchas prendas de su colecci\u00f3n ya est\u00e1n en oferta. Adem\u00e1s, tal y como han hecho otros a\u00f1os, podr\u00edan comenzar con sus ventas privadas el s\u00e1bado 4 de enero solo para usuarios registrados en su p\u00e1gina web.<\/p>\n\n\n\n<h3 class=\"wp-block-heading\">El Corte Ingl\u00e9s<\/h3>\n\n\n\n<p>Las rebajas de El Corte Ingl\u00e9s podr\u00edan empezar el d\u00eda 7 de enero de forma oficial, aunque los d\u00edas previos empezar\u00e1n a rebajar su cat\u00e1logo.<\/p>\n\n\n\n<h3 class=\"wp-block-heading\">Sfera<\/h3>\n\n\n\n<p>Aunque pertenece a El Corte Ingl\u00e9s, los descuentos en Sfera podr\u00edan comenzar incluso una semana antes y tambi\u00e9n en el mismo formato que Inditex y Mango. El d\u00eda 1 de enero podr\u00edan empezar sus rebajas de forma online y el d\u00eda 2, en tiendas f\u00edsicas.<\/p>\n\n\n\n<h3 class=\"wp-block-heading\">H&amp;M<\/h3>\n\n\n\n<p>Esta marca es una de las primeras en rebajar su cat\u00e1logo y todo apunta a que este a\u00f1o comenzar\u00e1n con descuentos de invierno a partir del 28 de diciembre.<\/p>\n\n\n\n<h3 class=\"wp-block-heading\">Cortefiel<\/h3>\n\n\n\n<p>Si entramos en la web de Cortefiel, ya podemos encontrar rebajas de hasta el 60% en art\u00edculos seleccionados.<br><br>Springfield<\/p>\n\n\n\n<p>El a\u00f1o pasado, Springfield empez\u00f3 con las ofertas el 1 de enero, por lo que este 2025 podr\u00eda ser igual. Sin embargo, en su web ya podemos disfrutar de hasta un 50% de descuento en su secci\u00f3n &#8216;Christmas Special&#8217;.<br><br>\u00bfCu\u00e1ndo empiezan las rebajas de invierno 2025 en cada Comunidad Aut\u00f3noma?<\/p>\n\n\n\n<h3 class=\"wp-block-heading\">Fechas de las rebajas de enero por Comunidades Aut\u00f3nomas<\/h3>\n\n\n\n<ul class=\"wp-block-list\">\n<li>Andaluc\u00eda, Melilla, Islas Baleares y Murcia: desde el 7 de enero hasta el 7 de marzo.<\/li>\n\n\n\n<li>Asturias, Canarias, Castilla y Le\u00f3n, Catalu\u00f1a, Extremadura y Navarra: desde el 7 de enero hasta el 6 de marzo.<\/li>\n\n\n\n<li>Cantabria: desde el 7 de enero hasta el 6 de abril.<\/li>\n\n\n\n<li>Castilla-La Mancha: desde el 7 de enero hasta el 31 de marzo.<\/li>\n\n\n\n<li>Ceuta: desde el 7 de enero hasta el 28 de febrero.<\/li>\n\n\n\n<li>Comunidad Valenciana: comienzan el primer d\u00eda laborable despu\u00e9s de reyes (el 7 de enero) hasta el segundo s\u00e1bado de marzo (el 7 de marzo)<\/li>\n\n\n\n<li>Galicia: desde el 7 de enero hasta el 7 de abril.<\/li>\n\n\n\n<li>Madrid: desde el 1 de enero hasta el 31 de marzo<\/li>\n\n\n\n<li>Pa\u00eds Vasco: desde el 7 de enero hasta el 31 de marzo.<\/li>\n<\/ul>\n\n\n\n<p>Aunque suelen ocupar las mismas fechas, cada Comunidad Aut\u00f3noma tiene su propio calendario de rebajas.<\/p>\n","protected":false},"excerpt":{"rendered":"<p>Despu\u00e9s de Navidad, llega uno de los momentos m\u00e1s esperados de cada temporada por todos los amantes de la moda,\u00a0las rebajas de invierno. Aunque durante las pascuas &#8211; sobre todo el d\u00eda de Reyes &#8211; se suelen recibir\u00a0regalos\u00a0especiales, la \u00e9poca de descuentos se convierte en el momento perfecto para conseguir ese capricho que tantos meses [&hellip;]<\/p>\n","protected":false},"author":2,"featured_media":136322,"comment_status":"open","ping_status":"open","sticky":false,"template":"","format":"standard","meta":{"footnotes":""},"categories":[1],"tags":[],"class_list":["post-136321","post","type-post","status-publish","format-standard","has-post-thumbnail","hentry","category-economia"],"_links":{"self":[{"href":"http:\/\/elcuartopoder.com.mx\/nw\/wp-json\/wp\/v2\/posts\/136321","targetHints":{"allow":["GET"]}}],"collection":[{"href":"http:\/\/elcuartopoder.com.mx\/nw\/wp-json\/wp\/v2\/posts"}],"about":[{"href":"http:\/\/elcuartopoder.com.mx\/nw\/wp-json\/wp\/v2\/types\/post"}],"author":[{"embeddable":true,"href":"http:\/\/elcuartopoder.com.mx\/nw\/wp-json\/wp\/v2\/users\/2"}],"replies":[{"embeddable":true,"href":"http:\/\/elcuartopoder.com.mx\/nw\/wp-json\/wp\/v2\/comments?post=136321"}],"version-history":[{"count":1,"href":"http:\/\/elcuartopoder.com.mx\/nw\/wp-json\/wp\/v2\/posts\/136321\/revisions"}],"predecessor-version":[{"id":136323,"href":"http:\/\/elcuartopoder.com.mx\/nw\/wp-json\/wp\/v2\/posts\/136321\/revisions\/136323"}],"wp:featuredmedia":[{"embeddable":true,"href":"http:\/\/elcuartopoder.com.mx\/nw\/wp-json\/wp\/v2\/media\/136322"}],"wp:attachment":[{"href":"http:\/\/elcuartopoder.com.mx\/nw\/wp-json\/wp\/v2\/media?parent=136321"}],"wp:term":[{"taxonomy":"category","embeddable":true,"href":"http:\/\/elcuartopoder.com.mx\/nw\/wp-json\/wp\/v2\/categories?post=136321"},{"taxonomy":"post_tag","embeddable":true,"href":"http:\/\/elcuartopoder.com.mx\/nw\/wp-json\/wp\/v2\/tags?post=136321"}],"curies":[{"name":"wp","href":"https:\/\/api.w.org\/{rel}","templated":true}]}}