{"id":136329,"date":"2025-01-02T19:22:53","date_gmt":"2025-01-03T00:22:53","guid":{"rendered":"https:\/\/elcuartopoder.com.mx\/nw\/?p=136329"},"modified":"2025-01-02T19:22:55","modified_gmt":"2025-01-03T00:22:55","slug":"ninos-beta-estas-seran-las-caracteristicas-de-la-generacion-que-nazca-en-2025","status":"publish","type":"post","link":"http:\/\/elcuartopoder.com.mx\/nw\/opinion\/ninos-beta-estas-seran-las-caracteristicas-de-la-generacion-que-nazca-en-2025\/","title":{"rendered":"\u00abNi\u00f1os Beta\u00bb, estas ser\u00e1n las caracter\u00edsticas de la generaci\u00f3n que nazca en 2025"},"content":{"rendered":"\n<p>El pr\u00f3ximo siglo estar\u00e1 dominado mayormente por la<a href=\"https:\/\/heraldodemexico.com.mx\/tendencias\/2025\/1\/1\/como-lucia-realmente-el-valiente-gohan-version-adulto-en-un-boceto-original-de-akira-toriyama-665120.html\" target=\"_blank\" rel=\"noreferrer noopener\">&nbsp;generaci\u00f3n Beta<\/a>&nbsp;o tambi\u00e9n llamados los \u00ab<strong>artificiales<\/strong>\u00ab, estos ni\u00f1os llegar\u00e1n con caracter\u00edsticas \u00fanicas y rasgos en su personalidad y car\u00e1cter que estar\u00e1n marcados principalmente por el uso de la tecnolog\u00eda incorporados en su estilo de vida.&nbsp;<\/p>\n\n\n\n<p>Entrado el 2025 y hasta el 2039 nacer\u00e1n los ni\u00f1os pertenecientes a la&nbsp;<strong>generaci\u00f3n Beta<\/strong>, quienes ser\u00e1n los hijos de la generaci\u00f3n Y, mientras que los ni\u00f1os Alfa estar\u00e1n en plena etapa de crecimiento y los Z y los&nbsp;<strong>Centenials<\/strong>&nbsp;ser\u00e1n la poblaci\u00f3n de adultos de mayor edad.<\/p>\n\n\n\n<p>Algunos ni\u00f1os nacidos en el lapso de estos 14 a\u00f1os lograr\u00e1n llegar al pr\u00f3ximo siglo, pues habr\u00e1n nacido durante el XXI y podr\u00e1n llegar a vivir algunos a\u00f1os de su vida en el&nbsp;<strong>siglo XXII<\/strong>. A esta generaci\u00f3n tambi\u00e9n se le conocer\u00e1 como los ni\u00f1os del futuro porque estar\u00e1n en una etapa completamente diferente a la de sus padres llena de&nbsp;<strong>innovaci\u00f3n<\/strong>&nbsp;y tecnolog\u00eda.&nbsp;<\/p>\n\n\n\n<p>De acuerdo con un estudio publicado por el&nbsp;<strong>consultor&nbsp;McCrindle<\/strong>, la generaci\u00f3n de ni\u00f1os Beta estar\u00e1n muy influenciados por la&nbsp;<strong>inteligencia artificial<\/strong>&nbsp;y una era digital sorprendente en la que las tecnolog\u00edas estar\u00e1n integradas totalmente en su vida cotidiana desde su educaci\u00f3n hasta su vida laboral, m\u00e9dica y entretenimiento.<\/p>\n\n\n\n<figure class=\"wp-block-image\"><img decoding=\"async\" src=\"https:\/\/heraldodemexico.com.mx\/u\/fotografias\/m\/2025\/1\/1\/f768x1-1064787_1064914_5050.png\" alt=\"\"\/><figcaption class=\"wp-element-caption\">La generaci\u00f3n de ni\u00f1os Beta estar\u00e1n muy influenciados por la inteligencia artificial | Foto: Freepik<\/figcaption><\/figure>\n\n\n\n<h2 class=\"wp-block-heading\">\u00bfCu\u00e1les ser\u00e1n las caracter\u00edsticas de la generaci\u00f3n Beta?<\/h2>\n\n\n\n<p>La&nbsp;<strong><a href=\"https:\/\/heraldodemexico.com.mx\/tendencias\/2025\/1\/1\/como-se-veria-la-bellisima-marge-de-los-simpson-si-fuera-real-segun-la-inteligencia-artificial-664997.html\" target=\"_blank\" rel=\"noreferrer noopener\">generaci\u00f3n Beta&nbsp;<\/a>s<\/strong>er\u00eda la primera en experimentar el transporte aut\u00f3nomo a gran escala, as\u00ed como entornos inmersivos y virtuales. Adem\u00e1s, la tecnolog\u00eda formar\u00e1 parte importante de su aprendizaje, h\u00e1bitos e interacciones sociales, ellos buscar\u00e1n un balance entre la hiperconectividad y la expresi\u00f3n personal, explica el seg\u00fan el dem\u00f3grafo y consultor.&nbsp;<\/p>\n\n\n\n<p>En cuanto a su forma de socializar, es un hecho que las redes sociales ser\u00e1n fundamentales, aunque todav\u00eda no hay un avance de c\u00f3mo evolucionar\u00e1n para esa \u00e9poca. Asimismo, explica que \u00ab<strong>los Beta<\/strong>\u00bb tendr\u00e1s un mejor dominio de la tecnolog\u00eda debido a que sus padres, los Z y los&nbsp;<strong>Alfa<\/strong>&nbsp;sabr\u00e1n perfectamente los pros y contras de utilizarla.<\/p>\n\n\n\n<figure class=\"wp-block-image\"><img decoding=\"async\" src=\"https:\/\/heraldodemexico.com.mx\/u\/fotografias\/m\/2025\/1\/1\/f768x1-1064788_1064915_5050.png\" alt=\"\"\/><figcaption class=\"wp-element-caption\">En cuanto a su forma de socializar, es un hecho que las redes sociales ser\u00e1n fundamentales en su vida | Foto: Freepik<\/figcaption><\/figure>\n\n\n\n<h2 class=\"wp-block-heading\">\u00bfCu\u00e1les problemas enfrentar\u00e1 la generaci\u00f3n Beta?<\/h2>\n\n\n\n<p>Los \u00ab<a href=\"https:\/\/heraldodemexico.com.mx\/tendencias\/2025\/1\/1\/este-es-el-doodle-con-el-que-google-le-dio-la-bienvenida-al-2025-665212.html#google_vignette\" target=\"_blank\" rel=\"noreferrer noopener\"><strong>Artificiales<\/strong><\/a>\u00bb heredar\u00e1n un mundo lleno de desaf\u00edos globales como el&nbsp;<strong>cambio clim\u00e1tico<\/strong>, la urbanizaci\u00f3n y la sostenibilidad y la conciencia ecol\u00f3gica \u00bb Su educaci\u00f3n enfatizar\u00e1 la importancia de la innovaci\u00f3n no solo por conveniencia, sino para resolver los desaf\u00edos m\u00e1s urgentes de su tiempo\u201d, dijo McCrindle en su blog.<\/p>\n","protected":false},"excerpt":{"rendered":"<p>El pr\u00f3ximo siglo estar\u00e1 dominado mayormente por la&nbsp;generaci\u00f3n Beta&nbsp;o tambi\u00e9n llamados los \u00abartificiales\u00ab, estos ni\u00f1os llegar\u00e1n con caracter\u00edsticas \u00fanicas y rasgos en su personalidad y car\u00e1cter que estar\u00e1n marcados principalmente por el uso de la tecnolog\u00eda incorporados en su estilo de vida.&nbsp; Entrado el 2025 y hasta el 2039 nacer\u00e1n los ni\u00f1os pertenecientes a la&nbsp;generaci\u00f3n [&hellip;]<\/p>\n","protected":false},"author":2,"featured_media":136330,"comment_status":"open","ping_status":"open","sticky":false,"template":"","format":"standard","meta":{"footnotes":""},"categories":[62],"tags":[],"class_list":["post-136329","post","type-post","status-publish","format-standard","has-post-thumbnail","hentry","category-opinion"],"_links":{"self":[{"href":"http:\/\/elcuartopoder.com.mx\/nw\/wp-json\/wp\/v2\/posts\/136329","targetHints":{"allow":["GET"]}}],"collection":[{"href":"http:\/\/elcuartopoder.com.mx\/nw\/wp-json\/wp\/v2\/posts"}],"about":[{"href":"http:\/\/elcuartopoder.com.mx\/nw\/wp-json\/wp\/v2\/types\/post"}],"author":[{"embeddable":true,"href":"http:\/\/elcuartopoder.com.mx\/nw\/wp-json\/wp\/v2\/users\/2"}],"replies":[{"embeddable":true,"href":"http:\/\/elcuartopoder.com.mx\/nw\/wp-json\/wp\/v2\/comments?post=136329"}],"version-history":[{"count":1,"href":"http:\/\/elcuartopoder.com.mx\/nw\/wp-json\/wp\/v2\/posts\/136329\/revisions"}],"predecessor-version":[{"id":136331,"href":"http:\/\/elcuartopoder.com.mx\/nw\/wp-json\/wp\/v2\/posts\/136329\/revisions\/136331"}],"wp:featuredmedia":[{"embeddable":true,"href":"http:\/\/elcuartopoder.com.mx\/nw\/wp-json\/wp\/v2\/media\/136330"}],"wp:attachment":[{"href":"http:\/\/elcuartopoder.com.mx\/nw\/wp-json\/wp\/v2\/media?parent=136329"}],"wp:term":[{"taxonomy":"category","embeddable":true,"href":"http:\/\/elcuartopoder.com.mx\/nw\/wp-json\/wp\/v2\/categories?post=136329"},{"taxonomy":"post_tag","embeddable":true,"href":"http:\/\/elcuartopoder.com.mx\/nw\/wp-json\/wp\/v2\/tags?post=136329"}],"curies":[{"name":"wp","href":"https:\/\/api.w.org\/{rel}","templated":true}]}}