{"id":136332,"date":"2025-01-02T19:25:28","date_gmt":"2025-01-03T00:25:28","guid":{"rendered":"https:\/\/elcuartopoder.com.mx\/nw\/?p=136332"},"modified":"2025-01-02T19:25:30","modified_gmt":"2025-01-03T00:25:30","slug":"mexico-pierde-738-millones-de-dolares-en-cinco-anos-por-las-renuncias-a-concesiones-de-espectro-caro","status":"publish","type":"post","link":"http:\/\/elcuartopoder.com.mx\/nw\/nacionales\/mexico-pierde-738-millones-de-dolares-en-cinco-anos-por-las-renuncias-a-concesiones-de-espectro-caro\/","title":{"rendered":"M\u00e9xico pierde 738 millones de d\u00f3lares en cinco a\u00f1os por las renuncias a concesiones de espectro caro"},"content":{"rendered":"\n<p>M\u00e9xico ha dejado de percibir 738 millones de d\u00f3lares desde el a\u00f1o 2020 por la renuncia de las compa\u00f1\u00edas telef\u00f3nicas a sus&nbsp;<a href=\"https:\/\/www.eleconomista.com.mx\/empresas\/27-concesiones-de-espectro-entregadas-por-la-SCT-son-revocadas-por-incumplimientos-20240830-0057.html\" target=\"_blank\" rel=\"noreferrer noopener\">concesiones de espectro<\/a>.&nbsp;<\/p>\n\n\n\n<p>Este 1 de enero se cumplieron cinco a\u00f1os desde que por primera vez una empresa de telecomunicaciones devolviera todas sus bandas radioel\u00e9ctricas al Estado mexicano, porque el costo de explotarlas pon\u00eda m\u00e1s en riesgo a su operaci\u00f3n financiera que la propia din\u00e1mica competitiva del mercado m\u00f3vil.<br><br>Este era un espectro que las\u00a0<strong>compa\u00f1\u00edas telef\u00f3nica<\/strong>s hab\u00edan comprado en licitaciones previas, pero que se encareci\u00f3 a doble d\u00edgito por los montos anuales de derechos que la Secretar\u00eda de Hacienda y la C\u00e1mara de Diputados fijan cada a\u00f1o en la\u00a0<a href=\"https:\/\/www.eleconomista.com.mx\/videos\/sheinbaum-publica-dof-ley-ingresos-derechos-2025-confirma-cobro-cruceristas-20241223-739455.html\" target=\"_blank\" rel=\"noreferrer noopener\">Ley Federal de Derechos<\/a>.<br><br>En 2020, las contraprestaciones por las frecuencias, el llamado guante, ya estaban 35% arriba en sus precios con respecto a la media internacional al momento de la licitaci\u00f3n, y los pagos anuales de derechos encarec\u00edan todav\u00eda m\u00e1s algunas bandas. Por ejemplo, 92% a la banda m\u00e1s usada para Internet m\u00f3vil en M\u00e9xico, la de&nbsp;<strong>2.5 GHz<\/strong>; y encarec\u00eda en alrededor de 62% a una banda como la de<strong>&nbsp;850 MHz<\/strong>, cuya naturaleza t\u00e9cnica es m\u00e1s noble para llevar cobertura a zonas rurales.<\/p>\n\n\n\n<p>Estas&nbsp;<strong>dos bandas radioel\u00e9ctricas<\/strong>&nbsp;estuvieron entre las primeras que las empresas retornaron al Estado. El 1 de enero de 2020, la empresa Movistar inici\u00f3 la devoluci\u00f3n total y escalonada de sus frecuencias, que culmin\u00f3 en 2022.<\/p>\n\n\n\n<p>Unas semanas antes, al cierre de 2019, la operadora&nbsp;<strong>AT&amp;T&nbsp;<\/strong>renunci\u00f3 parcialmente a una concesi\u00f3n de alcance regional, aunque no ser\u00eda la \u00fanica, pues en 2022 y 2023 tambi\u00e9n renunci\u00f3 a otras concesiones regionales. Y en 2024, el competidor Telcel tambi\u00e9n anunci\u00f3 que los despliegues de redes celulares con&nbsp;<a href=\"https:\/\/www.eleconomista.com.mx\/tecnologia\/subasta-5g-mexico-hara-dinero-fideicomiso-ift-costaria-18-millones-pesos-20241227-739888.html\" target=\"_blank\" rel=\"noreferrer noopener\">tecnolog\u00eda 5G&nbsp;<\/a>estar\u00edan impactados por el espectro caro.<\/p>\n\n\n\n<p>De esta manera, en cinco a\u00f1os el Estado mexicano ha visto la devoluci\u00f3n de espectro con diferente naturaleza t\u00e9cnica y alcance de cobertura, que han significado 15,390 millones de pesos, 738 millones de d\u00f3lares, que dejaron de llegar a la Tesorer\u00eda de la Federaci\u00f3n por tener M\u00e9xico los criterios m\u00e1s caros de Am\u00e9rica para concesionar el espectro.<\/p>\n\n\n\n<p>Las empresas han renunciado a la fecha a cerca de 120 Megahertz de frecuencias, entre todas las bandas retornadas y con distintas capacidades t\u00e9cnicas. Ese es tanto espectro, como para que dos nuevas compa\u00f1\u00edas de alcance nacional pudieran construir sus propias redes celulares en M\u00e9xico.<\/p>\n\n\n\n<p>M\u00e1s en detalle, la empresa&nbsp;<strong>Telef\u00f3nica Movistar<\/strong>&nbsp;renunci\u00f3 a sus concesiones en las bandas de 1.9 GHz y de 2.5 GHz, m\u00e1s id\u00f3neas para la capacidad de transporte de datos y penetraci\u00f3n en edificaciones; y tambi\u00e9n devolvi\u00f3 espectro en los 800 MHz, m\u00e1s apta para ampliaci\u00f3n de cobertura.<\/p>\n\n\n\n<p>AT&amp;T retorn\u00f3 espectro en los 800 MHz y 850 MHz, y tambi\u00e9n a sus concesiones en los espectros de 1.7 GHz y 2.1 GHz, m\u00e1s nobles estos para servicios de 4G.<\/p>\n\n\n\n<p>Las devoluciones fueron de escala nacional y regional para Movistar y de nivel regional para AT&amp;T, si bien entre las plazas afectadas se encontraban las populosas Guadalajara y Ciudad de M\u00e9xico, y las industriales Tijuana, Le\u00f3n y Mexicali, y tambi\u00e9n puertos como Guaymas o San Carlos.<\/p>\n\n\n\n<p>Seg\u00fan la banda, el alcance de cobertura de \u00e9sta y el periodo en que se dio cada devoluci\u00f3n del espectro, la p\u00e9rdida de recaudaci\u00f3n para el Estado fue de 4,569 millones de pesos por a\u00f1o por el caso de Telef\u00f3nica Movistar y por cerca de 1,683 millones de pesos por a\u00f1o por las renuncias de AT&amp;T.<\/p>\n\n\n\n<p>Todas las devoluciones de espectro radioel\u00e9ctrico ocurrieron en el sexenio del presidente Andr\u00e9s Manuel L\u00f3pez Obrador, gobierno en que al mismo tiempo el Estado acudi\u00f3 con una inyecci\u00f3n de 166 millones de d\u00f3lares para reflotar a la empresa de capital mixto Alt\u00e1n Redes, cuya red de telecomunicaciones es el principal insumo de BAIT de Walmart, y a la que tambi\u00e9n la misma Secretar\u00eda de Hacienda le dio en 2024 un periodo de gracia para abonar sus pagos anuales por usar espectro hasta el primer semestre de 2025.<\/p>\n\n\n\n<p>El sexenio de L\u00f3pez Obrador termin\u00f3 con un 3.3% menos disponibilidad de espectro frente a los 584 Megahertz disponibles en el gobierno de Enrique Pe\u00f1a Nieto, cuando la tecnolog\u00eda 5G era todav\u00eda una promesa.<\/p>\n\n\n\n<p>Las devoluciones de espectro al Estado por su costo, no s\u00f3lo significan una menor recaudaci\u00f3n para la hacienda p\u00fablica.<\/p>\n\n\n\n<p>Significa una menor disponibilidad de frecuencias usadas en el mercado para llevar Internet a los mexicanos y afecta a la din\u00e1mica del mercado m\u00f3vil mexicano, al existir en el pa\u00eds s\u00f3lo dos operadores totalmente privados, AT&amp;T y Telcel, con espectro propio y s\u00f3lo uno, Telcel, con la capacidad financiera suficiente para pagar por las frecuencias.<\/p>\n","protected":false},"excerpt":{"rendered":"<p>M\u00e9xico ha dejado de percibir 738 millones de d\u00f3lares desde el a\u00f1o 2020 por la renuncia de las compa\u00f1\u00edas telef\u00f3nicas a sus&nbsp;concesiones de espectro.&nbsp; Este 1 de enero se cumplieron cinco a\u00f1os desde que por primera vez una empresa de telecomunicaciones devolviera todas sus bandas radioel\u00e9ctricas al Estado mexicano, porque el costo de explotarlas pon\u00eda [&hellip;]<\/p>\n","protected":false},"author":2,"featured_media":136333,"comment_status":"open","ping_status":"open","sticky":false,"template":"","format":"standard","meta":{"footnotes":""},"categories":[55],"tags":[],"class_list":["post-136332","post","type-post","status-publish","format-standard","has-post-thumbnail","hentry","category-nacionales"],"_links":{"self":[{"href":"http:\/\/elcuartopoder.com.mx\/nw\/wp-json\/wp\/v2\/posts\/136332","targetHints":{"allow":["GET"]}}],"collection":[{"href":"http:\/\/elcuartopoder.com.mx\/nw\/wp-json\/wp\/v2\/posts"}],"about":[{"href":"http:\/\/elcuartopoder.com.mx\/nw\/wp-json\/wp\/v2\/types\/post"}],"author":[{"embeddable":true,"href":"http:\/\/elcuartopoder.com.mx\/nw\/wp-json\/wp\/v2\/users\/2"}],"replies":[{"embeddable":true,"href":"http:\/\/elcuartopoder.com.mx\/nw\/wp-json\/wp\/v2\/comments?post=136332"}],"version-history":[{"count":1,"href":"http:\/\/elcuartopoder.com.mx\/nw\/wp-json\/wp\/v2\/posts\/136332\/revisions"}],"predecessor-version":[{"id":136334,"href":"http:\/\/elcuartopoder.com.mx\/nw\/wp-json\/wp\/v2\/posts\/136332\/revisions\/136334"}],"wp:featuredmedia":[{"embeddable":true,"href":"http:\/\/elcuartopoder.com.mx\/nw\/wp-json\/wp\/v2\/media\/136333"}],"wp:attachment":[{"href":"http:\/\/elcuartopoder.com.mx\/nw\/wp-json\/wp\/v2\/media?parent=136332"}],"wp:term":[{"taxonomy":"category","embeddable":true,"href":"http:\/\/elcuartopoder.com.mx\/nw\/wp-json\/wp\/v2\/categories?post=136332"},{"taxonomy":"post_tag","embeddable":true,"href":"http:\/\/elcuartopoder.com.mx\/nw\/wp-json\/wp\/v2\/tags?post=136332"}],"curies":[{"name":"wp","href":"https:\/\/api.w.org\/{rel}","templated":true}]}}