{"id":136521,"date":"2025-01-07T13:05:01","date_gmt":"2025-01-07T18:05:01","guid":{"rendered":"https:\/\/elcuartopoder.com.mx\/nw\/?p=136521"},"modified":"2025-01-07T13:05:03","modified_gmt":"2025-01-07T18:05:03","slug":"12-4-millones-de-personas-necesitan-empleo-en-mexico","status":"publish","type":"post","link":"http:\/\/elcuartopoder.com.mx\/nw\/editorial\/12-4-millones-de-personas-necesitan-empleo-en-mexico\/","title":{"rendered":"12.4 millones de personas necesitan empleo en M\u00e9xico"},"content":{"rendered":"\n<p>M\u00e9xico cerr\u00f3 el 2024 con uno de los mayores niveles de&nbsp;<a href=\"https:\/\/www.eleconomista.com.mx\/capital-humano\/debemos-hablar-deficit-empleo-mexico-20241211-737848.html\">d\u00e9ficit de empleo<\/a>&nbsp;del a\u00f1o. Los datos del Instituto Nacional de Estad\u00edstica y Geograf\u00eda (Inegi) reflejan que la&nbsp;<strong>brecha laboral fue de 18.5%&nbsp;<\/strong>en noviembre, 1.7 puntos por arriba de lo reportado a finales del 2023. Esto representa la necesidad de&nbsp;<strong>12.4 millones de personas<\/strong>.<\/p>\n\n\n\n<p>Este indicador, que mide la\u00a0<strong>necesidad m\u00e1s amplia de empleo<\/strong>\u00a0en una econom\u00eda, toc\u00f3 un m\u00ednimo hist\u00f3rico de 15.5% en febrero del 2024, y a partir de ese momento comenz\u00f3 un aumento paulatino, para llegar a 19.3% en octubre, el dato m\u00e1s alto desde junio de 2022. Y si bien para noviembre registr\u00f3 un descenso de 0.8 puntos porcentuales, es la segunda cifra m\u00e1s alta del a\u00f1o.<br><br>Adem\u00e1s del desempleo abierto,&nbsp;<a href=\"https:\/\/www.eleconomista.com.mx\/capital-humano\/empleo-informal-sube-54-6-nivel-alto-ano-20250103-740472.html\">cuya tasa fue de 2.6% en noviembre<\/a>, con 1.6 millones de personas en esta situaci\u00f3n, la brecha laboral contempla a la poblaci\u00f3n inactiva, pero disponible para trabajar si se presenta la oportunidad, medici\u00f3n conocida como&nbsp;<strong>desempleo extendido<\/strong>, con una tasa de 10.6%; el universo aumenta a 7.1 millones de personas al considerar a dicho grupo.<\/p>\n\n\n\n<p>\u201cUna gran parte de la poblaci\u00f3n desocupada se encuentra en esa situaci\u00f3n ya que la raz\u00f3n por la que no buscan empleo es lo que se conoce como el efecto de desaliento, que ocurre cuando las personas perciben que no hay oportunidades en el mercado laboral. Es por esto por lo que a la poblaci\u00f3n disponible tambi\u00e9n se le conoce como&nbsp;<strong>la poblaci\u00f3n desalentada<\/strong>. Si se incluye a esta poblaci\u00f3n en el c\u00e1lculo de la tasa de desempleo, consider\u00e1ndolas como desocupadas, en noviembre se registra una tasa de desempleo extendido de 10.6%\u201d, explic\u00f3 Gabriela Siller, directora de An\u00e1lisis Econ\u00f3mico-Financiero de Banco Base.<\/p>\n\n\n\n<p>Pero este indicador abarca un tercer elemento:&nbsp;<strong>la subocupaci\u00f3n<\/strong>, es decir, las personas que por razones de mercado trabajan jornadas reducidas, pero tienen la necesidad de laborar m\u00e1s tiempo. En el onceavo mes del a\u00f1o que reci\u00e9n concluy\u00f3, 5.3 millones de personas se encontraban en dicha condici\u00f3n.<\/p>\n\n\n\n<p>De esta manera, al sumar los tres elementos, el d\u00e9ficit de empleo abarc\u00f3 en noviembre a&nbsp;<strong>12.4 millones de personas<\/strong>, 1.4 millones de personas m\u00e1s que al cierre de 2023.<\/p>\n\n\n\n<p>En el momento m\u00e1s \u00e1lgido del impacto de la pandemia de Covid-19 en el mundo del trabajo por la suspensi\u00f3n de actividades econ\u00f3micas no esenciales, en mayo de 2020, la brecha laboral lleg\u00f3 a un<strong>&nbsp;m\u00e1ximo hist\u00f3rico de 52.9%<\/strong>&nbsp;de la fuerza de trabajo potencial del pa\u00eds. Antes de la emergencia sanitara era de 18 por ciento.<\/p>\n\n\n\n<h2 class=\"wp-block-heading\">Perspectivas positivas a corto plazo<\/h2>\n\n\n\n<p>A decir de Janneth Quiroz Zamora, directora de An\u00e1lisis Econ\u00f3mico de Grupo Financiero Monex, las cifras reportadas por la Encuesta Nacional de Ocupaci\u00f3n y Empleo (ENOE) de noviembre reflejan que el&nbsp;<strong>mercado laboral se mantiene fuerte<\/strong>&nbsp;y con bajas tasas de desempleo.<\/p>\n\n\n\n<p>\u201cEl&nbsp;<strong>empleo por sectores<\/strong>&nbsp;deja la ventana abierta de un mayor impulso en los rubros de servicios, comercio y manufacturas, siendo este \u00faltimo uno de los pilares fundamentales de la econom\u00eda mexicana\u201d, detall\u00f3.<\/p>\n\n\n\n<p>La especialista destac\u00f3 que una variable que tendr\u00e1 un efecto en el mercado laboral en el corto plazo es la evoluci\u00f3n de las remuneraciones, esto despu\u00e9s de la entrada en vigor del&nbsp;<a href=\"https:\/\/www.eleconomista.com.mx\/capital-humano\/entra-vigor-salario-minimo-2025-nadie-ganar-8-400-pesos-mes-20250101-740221.html\">aumento de 12% en el salario m\u00ednimo<\/a>, con lo cual \u00e9ste pas\u00f3 de 248.93 a 278.80 pesos diarios a nivel general, y de 374.89 a 419.88 pesos diarios en los municipios de la frontera con Estados Unidos.<\/p>\n\n\n\n<p>Los analistas del sector privado consultados por el Banco de M\u00e9xico estiman que la&nbsp;<strong>tasa de desempleo<\/strong>&nbsp;aumentar\u00e1 este a\u00f1o, para llegar un promedio de 3.20 por ciento. Incluso, para 2026 estiman que \u00e9sta ser\u00e1 m\u00e1s alta, de un nivel de 3.35 por ciento.<\/p>\n\n\n\n<p>Adem\u00e1s, tienen una proyecci\u00f3n baja para la&nbsp;<strong>creaci\u00f3n de empleo formal<\/strong>, medido a trav\u00e9s a la afiliaci\u00f3n al Instituto Mexicano del Seguro Social (IMSS), pues consideran que a lo largo de 2025 se agregar\u00e1n s\u00f3lo 363,000 plazas. Para el pr\u00f3ximo a\u00f1o pronostican una mejor\u00eda con la adici\u00f3n de 500,000 trabajos.<\/p>\n","protected":false},"excerpt":{"rendered":"<p>M\u00e9xico cerr\u00f3 el 2024 con uno de los mayores niveles de&nbsp;d\u00e9ficit de empleo&nbsp;del a\u00f1o. Los datos del Instituto Nacional de Estad\u00edstica y Geograf\u00eda (Inegi) reflejan que la&nbsp;brecha laboral fue de 18.5%&nbsp;en noviembre, 1.7 puntos por arriba de lo reportado a finales del 2023. Esto representa la necesidad de&nbsp;12.4 millones de personas. Este indicador, que mide [&hellip;]<\/p>\n","protected":false},"author":2,"featured_media":136522,"comment_status":"open","ping_status":"open","sticky":false,"template":"","format":"standard","meta":{"footnotes":""},"categories":[63],"tags":[],"class_list":["post-136521","post","type-post","status-publish","format-standard","has-post-thumbnail","hentry","category-editorial"],"_links":{"self":[{"href":"http:\/\/elcuartopoder.com.mx\/nw\/wp-json\/wp\/v2\/posts\/136521","targetHints":{"allow":["GET"]}}],"collection":[{"href":"http:\/\/elcuartopoder.com.mx\/nw\/wp-json\/wp\/v2\/posts"}],"about":[{"href":"http:\/\/elcuartopoder.com.mx\/nw\/wp-json\/wp\/v2\/types\/post"}],"author":[{"embeddable":true,"href":"http:\/\/elcuartopoder.com.mx\/nw\/wp-json\/wp\/v2\/users\/2"}],"replies":[{"embeddable":true,"href":"http:\/\/elcuartopoder.com.mx\/nw\/wp-json\/wp\/v2\/comments?post=136521"}],"version-history":[{"count":1,"href":"http:\/\/elcuartopoder.com.mx\/nw\/wp-json\/wp\/v2\/posts\/136521\/revisions"}],"predecessor-version":[{"id":136523,"href":"http:\/\/elcuartopoder.com.mx\/nw\/wp-json\/wp\/v2\/posts\/136521\/revisions\/136523"}],"wp:featuredmedia":[{"embeddable":true,"href":"http:\/\/elcuartopoder.com.mx\/nw\/wp-json\/wp\/v2\/media\/136522"}],"wp:attachment":[{"href":"http:\/\/elcuartopoder.com.mx\/nw\/wp-json\/wp\/v2\/media?parent=136521"}],"wp:term":[{"taxonomy":"category","embeddable":true,"href":"http:\/\/elcuartopoder.com.mx\/nw\/wp-json\/wp\/v2\/categories?post=136521"},{"taxonomy":"post_tag","embeddable":true,"href":"http:\/\/elcuartopoder.com.mx\/nw\/wp-json\/wp\/v2\/tags?post=136521"}],"curies":[{"name":"wp","href":"https:\/\/api.w.org\/{rel}","templated":true}]}}