{"id":136602,"date":"2025-01-08T12:58:18","date_gmt":"2025-01-08T17:58:18","guid":{"rendered":"https:\/\/elcuartopoder.com.mx\/nw\/?p=136602"},"modified":"2025-01-09T13:28:12","modified_gmt":"2025-01-09T18:28:12","slug":"eleccion-de-juzgadores-quintana-roo-va-por-la-reforma-al-poder-judicial-del-estado","status":"publish","type":"post","link":"http:\/\/elcuartopoder.com.mx\/nw\/estatales\/eleccion-de-juzgadores-quintana-roo-va-por-la-reforma-al-poder-judicial-del-estado\/","title":{"rendered":"ELECCI\u00d3N DE JUZGADORES: Quintana Roo va por la reforma al Poder Judicial del estado"},"content":{"rendered":"\n<p>&nbsp;El Congreso de Quintana Roo convoc\u00f3 a un periodo extraordinario, para dar entrada a la iniciativa de reforma al Poder Judicial del Estado, a propuesta de la Gobernadora, Mara Lezama, y en cumplimiento con la reforma federal.<\/p>\n\n\n\n<p>De acuerdo con la lectura de los integrantes de la Comisi\u00f3n Permanente de la Decimo Octava Legislatura, en voz del diputado Saulo Aguilar Bern\u00e9s, el impuso de la reforma, garantiza que las personas que lleguen a los cargos de juzgadores representar\u00e1n a la ciudadan\u00eda mexicana, para instalar un Poder Judicial \u201ccercano a la gente\u201d.<\/p>\n\n\n\n<p>\u201cEste nuevo sistema de elecci\u00f3n de personas juzgadoras se implement\u00f3 a nivel federal derivado de la voluntad del pueblo, la cual fue recabada a trav\u00e9s de consultas populares en las que los quintanarroenses pudimos participar y con lo propuesto, se podr\u00e1 sumar el estado de Quintana Roo a las elecciones extraordinarias de las personas juzgadoras del Poder Judicial de Quintana Roo del presente a\u00f1o\u201d, ley\u00f3 el diputado.<\/p>\n\n\n\n<p>La mandataria explica, seg\u00fan el documento, que con la reforma se pretende instalar un Poder cercano a la gente, en el cual las personas puedan confiar a trav\u00e9s de representantes de la sociedad mexicana que velaran para que \u201cel acceso a una justicia pronta y expedita sea una realidad\u201d.<br><br>Los diputados turnaron el documento para que sea analizado por la Comisi\u00f3n de Puntos Constitucionales, y dieron lectura a otra iniciativa para expedir la ley org\u00e1nica de la Fiscal\u00eda Especializada en Combate a la Corrupci\u00f3n.<\/p>\n\n\n\n<p>En otro documento, el Gobierno del estado tambi\u00e9n solicit\u00f3 al Poder Legislativo prorrogar la entrada en vigor de la Ley de Planeaci\u00f3n para el Desarrollo de Quintana Roo, a trav\u00e9s de una reforma al art\u00edculo 4 transitorio, lo que contemplaba la obligatoriedad de la elaboraci\u00f3n del Plan Estrat\u00e9gico para el Desarrollo Sostenible antes del 31 de diciembre de 2024.<\/p>\n\n\n\n<p>Pero, con el cambio de administraci\u00f3n en el Gobierno federal, ambas administraciones \u201cdeben ser coincidentes, incluyentes, perseverantes con fines id\u00e9nticos en desarrollo entre los estados y la federaci\u00f3n a largo plazo\u201d, es decir coincidir con el Plan de Desarrollo Nacional, el cual tendr\u00e1 proyecciones para los pr\u00f3ximos 20 a\u00f1os.<\/p>\n\n\n\n<p>Por lo que \u201cresulta necesario prorrogar la expedici\u00f3n y publicaci\u00f3n del Plan Estrat\u00e9gico para el Desarrollo Sostenible del Estado de Quintana Roo, para el segundo semestre de 2025\u201d.<\/p>\n\n\n\n<p>Las reformas impulsadas fueron turnadas a las respectivas comisiones, entre otras.<\/p>\n\n\n\n<p>La sesi\u00f3n extraordinaria ser\u00e1 el pr\u00f3ximo 9 de enero a las 15 horas.<\/p>\n","protected":false},"excerpt":{"rendered":"<p>&nbsp;El Congreso de Quintana Roo convoc\u00f3 a un periodo extraordinario, para dar entrada a la iniciativa de reforma al Poder Judicial del Estado, a propuesta de la Gobernadora, Mara Lezama, y en cumplimiento con la reforma federal. De acuerdo con la lectura de los integrantes de la Comisi\u00f3n Permanente de la Decimo Octava Legislatura, en [&hellip;]<\/p>\n","protected":false},"author":2,"featured_media":136603,"comment_status":"open","ping_status":"open","sticky":false,"template":"","format":"standard","meta":{"footnotes":""},"categories":[60],"tags":[],"class_list":["post-136602","post","type-post","status-publish","format-standard","has-post-thumbnail","hentry","category-estatales"],"_links":{"self":[{"href":"http:\/\/elcuartopoder.com.mx\/nw\/wp-json\/wp\/v2\/posts\/136602","targetHints":{"allow":["GET"]}}],"collection":[{"href":"http:\/\/elcuartopoder.com.mx\/nw\/wp-json\/wp\/v2\/posts"}],"about":[{"href":"http:\/\/elcuartopoder.com.mx\/nw\/wp-json\/wp\/v2\/types\/post"}],"author":[{"embeddable":true,"href":"http:\/\/elcuartopoder.com.mx\/nw\/wp-json\/wp\/v2\/users\/2"}],"replies":[{"embeddable":true,"href":"http:\/\/elcuartopoder.com.mx\/nw\/wp-json\/wp\/v2\/comments?post=136602"}],"version-history":[{"count":1,"href":"http:\/\/elcuartopoder.com.mx\/nw\/wp-json\/wp\/v2\/posts\/136602\/revisions"}],"predecessor-version":[{"id":136604,"href":"http:\/\/elcuartopoder.com.mx\/nw\/wp-json\/wp\/v2\/posts\/136602\/revisions\/136604"}],"wp:featuredmedia":[{"embeddable":true,"href":"http:\/\/elcuartopoder.com.mx\/nw\/wp-json\/wp\/v2\/media\/136603"}],"wp:attachment":[{"href":"http:\/\/elcuartopoder.com.mx\/nw\/wp-json\/wp\/v2\/media?parent=136602"}],"wp:term":[{"taxonomy":"category","embeddable":true,"href":"http:\/\/elcuartopoder.com.mx\/nw\/wp-json\/wp\/v2\/categories?post=136602"},{"taxonomy":"post_tag","embeddable":true,"href":"http:\/\/elcuartopoder.com.mx\/nw\/wp-json\/wp\/v2\/tags?post=136602"}],"curies":[{"name":"wp","href":"https:\/\/api.w.org\/{rel}","templated":true}]}}