{"id":136620,"date":"2025-01-10T08:45:25","date_gmt":"2025-01-10T13:45:25","guid":{"rendered":"https:\/\/elcuartopoder.com.mx\/nw\/?p=136620"},"modified":"2025-01-10T08:45:27","modified_gmt":"2025-01-10T13:45:27","slug":"francia-confirma-el-primer-caso-de-la-nueva-variante-de-viruela-del-mono-en-el-pais","status":"publish","type":"post","link":"http:\/\/elcuartopoder.com.mx\/nw\/internacionales\/francia-confirma-el-primer-caso-de-la-nueva-variante-de-viruela-del-mono-en-el-pais\/","title":{"rendered":"Francia confirma el primer caso de la nueva variante de viruela del mono en el pa\u00eds"},"content":{"rendered":"\n<p>Un primer caso de la&nbsp;<a href=\"https:\/\/www.abc.es\/sociedad\/reino-unido-informa-primeros-contagios-locales-nueva-20241106171337-nt.html\">nueva variante de viruela del mono<\/a>&nbsp;fue identificado en Francia, seg\u00fan ha indicado este lunes el Ministerio de Salud del pa\u00eds, en un comunicado que confirm\u00f3 una informaci\u00f3n de un diario local.<\/p>\n\n\n\n<p>El Ministerio fue informado \u00abde un primer caso humano de mpox de&nbsp;<a href=\"https:\/\/www.abc.es\/sociedad\/oms-aprueba-primer-test-diagnosticar-mpox-20241004103932-nt.html\">clado 1b<\/a>&nbsp;en el territorio nacional, en Breta\u00f1a\u00bb, en el noroeste de Francia, detall\u00f3 el comunicado, transmitido a la AFP.<\/p>\n\n\n\n<p>\u00abEl caso notificado se refiere a una persona que no ha viajado a \u00c1frica central, una zona en la que varios clados del virus mpox circulan activamente desde hace varios meses, incluido el clado 1b\u00bb, a\u00f1adi\u00f3.<\/p>\n\n\n\n<p>\u00abSin embargo, esta persona estuvo en contacto con dos personas que regresaron de \u00c1frica central, y se est\u00e1n llevando a cabo investigaciones para encontrar el origen de la contaminaci\u00f3n e identificar a todas las personas contacto\u00bb, indic\u00f3 el comunicado.<\/p>\n\n\n\n<p>El ministerio record\u00f3 que otros cuatro pa\u00edses del Espacio Econ\u00f3mico Europeo (EEE) han notificado casos de mpox del clado 1b desde este verano: Suecia, Alemania, Reino Unido y B\u00e9lgica.<\/p>\n\n\n\n<p>El Centro Europeo para la Prevenci\u00f3n y el Control de las Enfermedades (ECDC) considera que el riesgo de infecci\u00f3n de mpox clado I para la poblaci\u00f3n general en Francia y Europa es bajo, subraya el comunicado.<\/p>\n\n\n\n<h3 class=\"wp-block-heading\">S\u00edntomas<\/h3>\n\n\n\n<p>La mpox se caracteriza por lesiones cut\u00e1neas, como p\u00fastulas, fiebre alta y dolores musculares. Identificada por primera vez en Rep\u00fablica Democr\u00e1tica del Congo (RDC) en 1970, permaneci\u00f3 confinada durante mucho tiempo a una decena de pa\u00edses africanos.<\/p>\n\n\n\n<p>Pero en 2022 comenz\u00f3 a extenderse al resto del mundo, especialmente a pa\u00edses desarrollados donde el virus nunca hab\u00eda circulado. Hay dos epidemias simult\u00e1neas en curso: una provocada por el clado 1 en \u00c1frica central, que afecta principalmente a ni\u00f1os, y otra por la nueva variante, el clado 1b, que afecta a adultos en el este de RDC y en los pa\u00edses vecinos.<\/p>\n","protected":false},"excerpt":{"rendered":"<p>Un primer caso de la&nbsp;nueva variante de viruela del mono&nbsp;fue identificado en Francia, seg\u00fan ha indicado este lunes el Ministerio de Salud del pa\u00eds, en un comunicado que confirm\u00f3 una informaci\u00f3n de un diario local. El Ministerio fue informado \u00abde un primer caso humano de mpox de&nbsp;clado 1b&nbsp;en el territorio nacional, en Breta\u00f1a\u00bb, en el [&hellip;]<\/p>\n","protected":false},"author":2,"featured_media":136621,"comment_status":"open","ping_status":"open","sticky":false,"template":"","format":"standard","meta":{"footnotes":""},"categories":[8],"tags":[],"class_list":["post-136620","post","type-post","status-publish","format-standard","has-post-thumbnail","hentry","category-internacionales"],"_links":{"self":[{"href":"http:\/\/elcuartopoder.com.mx\/nw\/wp-json\/wp\/v2\/posts\/136620","targetHints":{"allow":["GET"]}}],"collection":[{"href":"http:\/\/elcuartopoder.com.mx\/nw\/wp-json\/wp\/v2\/posts"}],"about":[{"href":"http:\/\/elcuartopoder.com.mx\/nw\/wp-json\/wp\/v2\/types\/post"}],"author":[{"embeddable":true,"href":"http:\/\/elcuartopoder.com.mx\/nw\/wp-json\/wp\/v2\/users\/2"}],"replies":[{"embeddable":true,"href":"http:\/\/elcuartopoder.com.mx\/nw\/wp-json\/wp\/v2\/comments?post=136620"}],"version-history":[{"count":1,"href":"http:\/\/elcuartopoder.com.mx\/nw\/wp-json\/wp\/v2\/posts\/136620\/revisions"}],"predecessor-version":[{"id":136622,"href":"http:\/\/elcuartopoder.com.mx\/nw\/wp-json\/wp\/v2\/posts\/136620\/revisions\/136622"}],"wp:featuredmedia":[{"embeddable":true,"href":"http:\/\/elcuartopoder.com.mx\/nw\/wp-json\/wp\/v2\/media\/136621"}],"wp:attachment":[{"href":"http:\/\/elcuartopoder.com.mx\/nw\/wp-json\/wp\/v2\/media?parent=136620"}],"wp:term":[{"taxonomy":"category","embeddable":true,"href":"http:\/\/elcuartopoder.com.mx\/nw\/wp-json\/wp\/v2\/categories?post=136620"},{"taxonomy":"post_tag","embeddable":true,"href":"http:\/\/elcuartopoder.com.mx\/nw\/wp-json\/wp\/v2\/tags?post=136620"}],"curies":[{"name":"wp","href":"https:\/\/api.w.org\/{rel}","templated":true}]}}