{"id":136623,"date":"2025-01-10T08:47:06","date_gmt":"2025-01-10T13:47:06","guid":{"rendered":"https:\/\/elcuartopoder.com.mx\/nw\/?p=136623"},"modified":"2025-01-10T08:47:07","modified_gmt":"2025-01-10T13:47:07","slug":"viajar-trabajar-y-estudiar-por-delante-de-formar-una-familia-para-1-de-cada-3-jovenes","status":"publish","type":"post","link":"http:\/\/elcuartopoder.com.mx\/nw\/opinion\/viajar-trabajar-y-estudiar-por-delante-de-formar-una-familia-para-1-de-cada-3-jovenes\/","title":{"rendered":"Viajar, trabajar y estudiar por delante de formar una familia para 1 de cada 3 j\u00f3venes"},"content":{"rendered":"\n<p>Seg\u00fan el XIV Bar\u00f3metro de las familias en Espa\u00f1a elaborado por&nbsp;<a href=\"https:\/\/thefamilywatch.org\/\" target=\"_blank\" rel=\"noreferrer noopener\">The Family Watch<\/a>&nbsp;el 80% de los encuestados cree que actualmente \u00abexisten mayores dificultades para formar una familia hoy que en generaciones anteriores. Concretamente este dato aumenta en cuatro puntos respecto al estudio del a\u00f1o anterior\u00bb, asegur\u00f3 Mar\u00eda Jos\u00e9 Olesti, directora general de esta organizaci\u00f3n durante la presentaci\u00f3n del informe. \u00abEl problema -a\u00f1adi\u00f3- es que lo j\u00f3venes s\u00ed quieren tener hijos, pero no encuentran las circunstancias adecuadas para tenerlos. Se trata de un dato que debe invitar a la reflexi\u00f3n. las familias necesitan estabilidad. Por ello, solicitamos a los responsables pol\u00edticos que tengan en cuenta los deseos de los j\u00f3venes en sus pol\u00edticas sociales para alejarles de vaivenes ideol\u00f3gicos y pol\u00edticos, y conseguir esa estabilidad y seguridad que tanto necesitan para que puedan contribuir al desarrollo de nuestra sociedad\u00bb.<\/p>\n\n\n\n<p>S\u00f3lo el 34% considera que \u00abformar una familia est\u00e1 bien valorado\u00bb, y el 20% \u00abque se educa a los hijos en valores de respeto\u00bb. Para los encuestados, las medidas principales para mejorar \u00abel bienestar de las familias\u00bb son \u00abmedidas para favorecer la conciliaci\u00f3n\u00bb (74,8 %) y \u00abel acceso a la vivienda en j\u00f3venes\u00bb (66,5 %). En menor medida tambi\u00e9n mejorar\u00edan el bienestar de las familias \u00ablas ayudas fiscales\u00bb (44,8 %), \u00abayudas a familias vulnerables\u00bb (43,2 %) y \u00abla prestaci\u00f3n por hijo a cargo\u00bb (32,4 %).<\/p>\n\n\n\n<p>En cuanto al establecimiento de prioridades en los pr\u00f3ximos 5 a\u00f1os, \u00abviajar\u00bb (63,5 %) y \u00abprosperar en su vida profesional\u00bb (59,3 %) encabezan el ranking. S\u00f3lo 1 de cada 3 encuestados \u00abpiensan en formar una familia\u00bb en los pr\u00f3ximos 5 a\u00f1os. Para los menores de 45 a\u00f1os, formar una familia estar\u00eda por detr\u00e1s de viajar, prosperar en su vida profesional, ampliar sus estudios, y en cuarto lugar, formar una Familia.<br><br>David \u00c1lvarez, director de proyectos del Grupo de An\u00e1lisis e Investigaci\u00f3n a\u00f1adi\u00f3 que \u00abel 50% de los j\u00f3venes desea tener una familia, pero no se lo plantean porque les preocupa mucho la situaci\u00f3n pol\u00edtica que les genera incertidumbre, as\u00ed como la econ\u00f3mica y las dificultades que encuentran para acceder a una vivienda propia o de alquiler. Por ello, se ven obligados a retrasar, o descartar, su deseo de tener hijos\u00bb.<br><br>La situaci\u00f3n econ\u00f3mica es otro de los aspectos que un a\u00f1o m\u00e1s ha analizado este bar\u00f3metro que los encuestados consideran mayoritariamente \u00abregular\u00bb o \u00abmala\u00bb. Los j\u00f3venes (18 a 44 a\u00f1os) y las mujeres son m\u00e1s cr\u00edticos con la actual situaci\u00f3n econ\u00f3mica de Espa\u00f1a. La percepci\u00f3n de que la econom\u00eda actual es \u00abbuena\u00bb desciende con respecto al a\u00f1o anterior aunque obtiene la segunda mejor puntuaci\u00f3n del hist\u00f3rico de este bar\u00f3metro. La perspectiva sobre la econ\u00f3mica familiar futura ser\u00e1 principalmente \u00abigual\u00bb, aunque los m\u00e1s j\u00f3venes (18 a 44 a\u00f1os) ven de manera m\u00e1s positiva el futuro econ\u00f3mico de su familia. Seg\u00fan el hist\u00f3rico, el dato actual refleja que los espa\u00f1oles creen mayoritariamente que no habr\u00e1 muchos cambios en el futuro. Cabe se\u00f1alar que sube algo la percepci\u00f3n negativa sobre el futuro econ\u00f3mico de su familia.<\/p>\n\n\n\n<p>La salud mental de las familias espa\u00f1olas no es ajena a la situaci\u00f3n que le toca vivir, y la influencia de las redes sociales, sobre todo entre los j\u00f3venes, est\u00e1 haciendo mella cada vez m\u00e1s en su salud mental.<\/p>\n\n\n\n<p>El \u00abuso excesivo de las Redes Sociales y su exposici\u00f3n\u00bb, \u00abla exposici\u00f3n a insultos\/injurias\u00bb y \u00ablos cambios en la autoestima al seguir a influencers\u00bb son los principales riesgos de los j\u00f3venes. As\u00ed, el 75% de las familias encuestadas considera que el acceso a contenidos peligrosos e inadecuados (pornograf\u00eda), webs de citas contactos, son los principales riesgos para los j\u00f3venes, seguidos por el consumo de noticias falsas (fake news) sobre temas relacionados con la salud y la alimentaci\u00f3n, (74%). El uso abusivo de videojuegos en l\u00ednea y\/o e-games, estar\u00eda en el tercer puesto de principales riesgos (70%) para los j\u00f3venes.<\/p>\n\n\n\n<p>Como principales factores desencadenantes del deterioro de la salud mental en los j\u00f3venes se establece que \u00ablas RRSS\u00bb (68,3 %), \u00abel bulling en colegios\u00bb (56,4 %) y \u00abla baja autoestima\u00bb (49,7 %) estar\u00edan en cabeza.<\/p>\n\n\n\n<p>En las personas adultas, los factores principales son \u00abdificultades econ\u00f3micas\u00bb (78,9 %) y \u00abla soledad\u00bb (49,1 %). Los encuestados reconocen que el uso de las pantallas entre las familias cada vez est\u00e1 m\u00e1s normalizado. As\u00ed, dos tercios de ellas que tienen hijos menores le dan el m\u00f3vil a los 12 a\u00f1os o antes, siendo la edad m\u00e1s habitual los 12 a\u00f1os. Seg\u00fan los encuestados las familias son el principal activo para reducir el impacto de las RRSS en los j\u00f3venes (32,5 %). En menor medida tambi\u00e9n es importante el papel de \u00ablas instituciones educativas\u00bb (15,2 %), \u00ablas autoridades mediante leyes\u00bb (13,1 %), \u00abla propia industria\u00bb (12,9 %) y \u00ablos propios j\u00f3venes\u00bb (10,8 %).<\/p>\n\n\n\n<p>Ante un problema relacionado con la salud mental, los encuestados, acudir\u00edan en primer lugar a su pareja y a los profesionales. Las mujeres y mayores de 44 a\u00f1os se apoyar\u00edan m\u00e1s en los profesionales y los j\u00f3venes en su entorno (pareja, familia y amigos).<\/p>\n\n\n\n<p>M\u00e1s de la mitad de los j\u00f3venes, entre 18 y 29 a\u00f1os, considera sentirse solo, (en el caso de las mujeres el 41% y el 31% en el de los hombres) y el 75% se siente preocupado por la situaci\u00f3n laboral (73% de las mujeres y 62% de los hombres).<br><br>La hipersexualizaci\u00f3n de los j\u00f3venes, principalmente entre los adolescentes, es otro de los aspectos que m\u00e1s preocupa a las familias. Casi el 69% considera que \u00abser\u00eda necesario aumentar la legislaci\u00f3n que regule la publicidad en que aparecen menores\u00bb, el 54% piensa que \u00abdan una imagen sexualizada de los ni\u00f1os\/preadolescentes\u00bb y el 65% solicita que se establezca una ley nacional que regule el uso de pantalla en menores de 16 a\u00f1os.<\/p>\n\n\n\n<p><\/p>\n","protected":false},"excerpt":{"rendered":"<p>Seg\u00fan el XIV Bar\u00f3metro de las familias en Espa\u00f1a elaborado por&nbsp;The Family Watch&nbsp;el 80% de los encuestados cree que actualmente \u00abexisten mayores dificultades para formar una familia hoy que en generaciones anteriores. Concretamente este dato aumenta en cuatro puntos respecto al estudio del a\u00f1o anterior\u00bb, asegur\u00f3 Mar\u00eda Jos\u00e9 Olesti, directora general de esta organizaci\u00f3n durante [&hellip;]<\/p>\n","protected":false},"author":2,"featured_media":136624,"comment_status":"open","ping_status":"open","sticky":false,"template":"","format":"standard","meta":{"footnotes":""},"categories":[62],"tags":[],"class_list":["post-136623","post","type-post","status-publish","format-standard","has-post-thumbnail","hentry","category-opinion"],"_links":{"self":[{"href":"http:\/\/elcuartopoder.com.mx\/nw\/wp-json\/wp\/v2\/posts\/136623","targetHints":{"allow":["GET"]}}],"collection":[{"href":"http:\/\/elcuartopoder.com.mx\/nw\/wp-json\/wp\/v2\/posts"}],"about":[{"href":"http:\/\/elcuartopoder.com.mx\/nw\/wp-json\/wp\/v2\/types\/post"}],"author":[{"embeddable":true,"href":"http:\/\/elcuartopoder.com.mx\/nw\/wp-json\/wp\/v2\/users\/2"}],"replies":[{"embeddable":true,"href":"http:\/\/elcuartopoder.com.mx\/nw\/wp-json\/wp\/v2\/comments?post=136623"}],"version-history":[{"count":1,"href":"http:\/\/elcuartopoder.com.mx\/nw\/wp-json\/wp\/v2\/posts\/136623\/revisions"}],"predecessor-version":[{"id":136625,"href":"http:\/\/elcuartopoder.com.mx\/nw\/wp-json\/wp\/v2\/posts\/136623\/revisions\/136625"}],"wp:featuredmedia":[{"embeddable":true,"href":"http:\/\/elcuartopoder.com.mx\/nw\/wp-json\/wp\/v2\/media\/136624"}],"wp:attachment":[{"href":"http:\/\/elcuartopoder.com.mx\/nw\/wp-json\/wp\/v2\/media?parent=136623"}],"wp:term":[{"taxonomy":"category","embeddable":true,"href":"http:\/\/elcuartopoder.com.mx\/nw\/wp-json\/wp\/v2\/categories?post=136623"},{"taxonomy":"post_tag","embeddable":true,"href":"http:\/\/elcuartopoder.com.mx\/nw\/wp-json\/wp\/v2\/tags?post=136623"}],"curies":[{"name":"wp","href":"https:\/\/api.w.org\/{rel}","templated":true}]}}