{"id":136626,"date":"2025-01-10T08:51:23","date_gmt":"2025-01-10T13:51:23","guid":{"rendered":"https:\/\/elcuartopoder.com.mx\/nw\/?p=136626"},"modified":"2025-01-10T08:51:25","modified_gmt":"2025-01-10T13:51:25","slug":"meta-relaja-las-limitaciones-al-discurso-del-odio-en-facebook-e-instagram","status":"publish","type":"post","link":"http:\/\/elcuartopoder.com.mx\/nw\/destacadas\/meta-relaja-las-limitaciones-al-discurso-del-odio-en-facebook-e-instagram\/","title":{"rendered":"Meta relaja las limitaciones al discurso del odio en Facebook e Instagram"},"content":{"rendered":"\n<p><strong>Facebook e Instagram<\/strong>&nbsp;dicen que quieren volver a sus ra\u00edces y abrazar la libertad que, al parecer en alg\u00fan momento, perdieron por el camino. Con ese fin, Meta, la matriz de las dos redes sociales, as\u00ed como de WhatsApp y Threads, ha anunciado su decisi\u00f3n de dejar de&nbsp;<a href=\"https:\/\/www.abc.es\/tecnologia\/zuckerberg-apela-libertad-expresion-acercarse-donald-trump-20250108041129-nt.html\">recurrir a expertos para la moderaci\u00f3n de la informaci\u00f3n que se comparte en las plataformas<\/a>. Adem\u00e1s, se han anunciado cambios en las pol\u00edticas que afectan al lenguaje de odio.<\/p>\n\n\n\n<p>De acuerdo con la\u00a0<a href=\"https:\/\/transparency.meta.com\/policies\/community-standards\/hateful-conduct\/\" target=\"_blank\" rel=\"noreferrer noopener\">\u00faltima actualizaci\u00f3n de sus pol\u00edticas<\/a>\u00a0referentes al discurso de odio, los usuarios podr\u00e1n comenzar a dirigirse directamente a los homosexuales y a los transg\u00e9nero como \u00abenfermos mentales\u00bb o \u00abanormales\u00bb. Tambi\u00e9n tendr\u00e1n la posibilidad de decir que una mujer no deber\u00eda ser polic\u00eda o militar.<br><br>\u00abPermitimos acusaciones de enfermedad mental o anormalidad cuando se basan en el g\u00e9nero o la orientaci\u00f3n sexual, dado el discurso pol\u00edtico y religioso sobre el transgenerismo y la homosexualidad y el uso com\u00fan y poco serio de palabras como &#8216;raro&#8217;\u00bb, se puede leer en la versi\u00f3n m\u00e1s reciente de las pol\u00edticas de la empresa. Este a\u00f1adido tiene efecto, adem\u00e1s de en Facebook e Instagram, en Threads, el trasunto de Twitter que Meta puso en l\u00ednea hace apenas un a\u00f1o medio.<\/p>\n\n\n\n<p>El emporio de internet tambi\u00e9n ha comenzado a autorizar que los usuarios puedan lanzar mensajes contrarios a que las mujeres puedan servir en el ej\u00e9rcito o en la polic\u00eda. Lo mismo vale para los homosexuales, siempre y cuando los argumentos est\u00e9n basados en razones religiosas: \u00abPermitimos contenido que defienda limitaciones basadas en el g\u00e9nero para los empleos militares, policiales y docentes. Tambi\u00e9n permitimos el mismo contenido basado en la orientaci\u00f3n sexual, cuando el contenido se basa en creencias religiosas\u00bb.<br><br>De acuerdo con medios estadounidenses, m\u00e1s all\u00e1 de estos a\u00f1adidos, Meta ha eliminado de sus pol\u00edticas algunos apartados, como uno en el que se prohib\u00eda deshumanizar a personas transg\u00e9nero u otro en el que se se\u00f1alaba que no estaba permitido referirse a una mujer como un \u00abobjeto\u00bb o \u00abpropiedad\u00bb.<\/p>\n\n\n\n<p>ABC se ha puesto en contacto con la empresa para consultar si hay excepciones para Espa\u00f1a y la Uni\u00f3n Europea, teniendo en cuenta que la regulaci\u00f3n es m\u00e1s dura en lo que se refiere a la desinformaci\u00f3n y al lenguaje de odio. Desde la empresa se se\u00f1ala que los cambios en las pol\u00edticas referidos anteriormente son globales; no ocurre lo mismo con la retirada de los verificadores de informaci\u00f3n, que al menos por el momento solo afecta a Estados Unidos.<\/p>\n\n\n\n<p>La empresa sigue prohibiendo a los usuarios lanzar mensajes en los que se niegue el Holocausto y mantiene las protecciones contra los discursos favorables a la segregaci\u00f3n racial.<\/p>\n\n\n\n<h3 class=\"wp-block-heading\">El delito sigue ah\u00ed<\/h3>\n\n\n\n<p>Juristas consultados por este peri\u00f3dico remarcan que, por mucho que Meta haya hecho cambios en sus pol\u00edticas, el empleo de t\u00e9rminos como \u00abanormal\u00bb para hacer referencia a homosexuales sigue pudiendo representar un delito. \u00abTenemos que tener claro que las normas de una red social no son ley. Por lo tanto, el que Facebook permita llamar \u2018anormal\u2019 a un homosexual no implica que se pueda estar cometiendo un delito de odio. En Espa\u00f1a al menos no, ya que el C\u00f3digo Penal castiga a todo aquel que trate de vejar a una persona, por ejemplo, por raz\u00f3n de su orientaci\u00f3n sexual\u00bb, se\u00f1ala el abogado especializado en asuntos tecnol\u00f3gicos Samuel Parra.<\/p>\n\n\n\n<p>En la misma l\u00ednea se mueve el tambi\u00e9n jurista Sergio Carrasco, que remarca que el tono que se utilice en el mensaje o publicaci\u00f3n tiene mucho peso a la hora de decidir si se trata de un delito o no. El que haya una intenci\u00f3n manifiesta de vejar es crucial para el juez. Con todo, en su opini\u00f3n, el cambio en las pol\u00edticas de Meta \u00abexcede con mucho lo que permite la libertad de expresi\u00f3n (en Espa\u00f1a y en la UE). Est\u00e1n pensado en la normativa estadounidense, pero aqu\u00ed hay limites muy marcados\u00bb.<\/p>\n","protected":false},"excerpt":{"rendered":"<p>Facebook e Instagram&nbsp;dicen que quieren volver a sus ra\u00edces y abrazar la libertad que, al parecer en alg\u00fan momento, perdieron por el camino. Con ese fin, Meta, la matriz de las dos redes sociales, as\u00ed como de WhatsApp y Threads, ha anunciado su decisi\u00f3n de dejar de&nbsp;recurrir a expertos para la moderaci\u00f3n de la informaci\u00f3n [&hellip;]<\/p>\n","protected":false},"author":2,"featured_media":136627,"comment_status":"open","ping_status":"open","sticky":false,"template":"","format":"standard","meta":{"footnotes":""},"categories":[59],"tags":[],"class_list":["post-136626","post","type-post","status-publish","format-standard","has-post-thumbnail","hentry","category-destacadas"],"_links":{"self":[{"href":"http:\/\/elcuartopoder.com.mx\/nw\/wp-json\/wp\/v2\/posts\/136626","targetHints":{"allow":["GET"]}}],"collection":[{"href":"http:\/\/elcuartopoder.com.mx\/nw\/wp-json\/wp\/v2\/posts"}],"about":[{"href":"http:\/\/elcuartopoder.com.mx\/nw\/wp-json\/wp\/v2\/types\/post"}],"author":[{"embeddable":true,"href":"http:\/\/elcuartopoder.com.mx\/nw\/wp-json\/wp\/v2\/users\/2"}],"replies":[{"embeddable":true,"href":"http:\/\/elcuartopoder.com.mx\/nw\/wp-json\/wp\/v2\/comments?post=136626"}],"version-history":[{"count":1,"href":"http:\/\/elcuartopoder.com.mx\/nw\/wp-json\/wp\/v2\/posts\/136626\/revisions"}],"predecessor-version":[{"id":136628,"href":"http:\/\/elcuartopoder.com.mx\/nw\/wp-json\/wp\/v2\/posts\/136626\/revisions\/136628"}],"wp:featuredmedia":[{"embeddable":true,"href":"http:\/\/elcuartopoder.com.mx\/nw\/wp-json\/wp\/v2\/media\/136627"}],"wp:attachment":[{"href":"http:\/\/elcuartopoder.com.mx\/nw\/wp-json\/wp\/v2\/media?parent=136626"}],"wp:term":[{"taxonomy":"category","embeddable":true,"href":"http:\/\/elcuartopoder.com.mx\/nw\/wp-json\/wp\/v2\/categories?post=136626"},{"taxonomy":"post_tag","embeddable":true,"href":"http:\/\/elcuartopoder.com.mx\/nw\/wp-json\/wp\/v2\/tags?post=136626"}],"curies":[{"name":"wp","href":"https:\/\/api.w.org\/{rel}","templated":true}]}}