{"id":136638,"date":"2025-01-10T09:06:45","date_gmt":"2025-01-10T14:06:45","guid":{"rendered":"https:\/\/elcuartopoder.com.mx\/nw\/?p=136638"},"modified":"2025-01-10T09:06:47","modified_gmt":"2025-01-10T14:06:47","slug":"preocupa-a-coparmex-la-perdida-de-empleo-en-mexico-y-el-aumento-de-la-informalidad","status":"publish","type":"post","link":"http:\/\/elcuartopoder.com.mx\/nw\/nacionales\/preocupa-a-coparmex-la-perdida-de-empleo-en-mexico-y-el-aumento-de-la-informalidad\/","title":{"rendered":"Preocupa a Coparmex la p\u00e9rdida de empleo en M\u00e9xico y el aumento de la informalidad"},"content":{"rendered":"\n<p><strong>La Confederaci\u00f3n Patronal de la Rep\u00fablica Mexicana (Coparmex)<\/strong>&nbsp;dio a conocer a trav\u00e9s de un estudio que ve con preocupaci\u00f3n la p\u00e9rdida de empleos y el incremento en los trabajos formales.<\/p>\n\n\n\n<p>El documento indica que lamentan la p\u00e9rdida 405 mil 259 empleos formales registrada en diciembre pasado, la m\u00e1s alta para este mes en los \u00faltimos 10 a\u00f1os; as\u00ed como la persistencia y aumento de la informalidad.<\/p>\n\n\n\n<p>Y aun cuando reconoci\u00f3 que esta disminuci\u00f3n de empleos tiene un componente estacional debido a la conclusi\u00f3n de contratos temporales y la menor actividad econ\u00f3mica t\u00edpica de fin de a\u00f1o, la magnitud de esta cifra refleja un entorno econ\u00f3mico que ha debilitado la generaci\u00f3n de puestos de trabajo en 2024.<\/p>\n\n\n\n<p>M\u00e1s all\u00e1, cit\u00f3 el reporte de empleo del<strong>&nbsp;Instituto Mexicano del Seguro Social (IMSS)&nbsp;<\/strong>en 2024, el cual inform\u00f3 que el a\u00f1o pasado se crearon:<\/p>\n\n\n\n<blockquote class=\"wp-block-quote is-layout-flow wp-block-quote-is-layout-flow\">\n<p>\u201cApenas 213 mil 993 nuevos empleos formales, lo que representa un crecimiento anual de s\u00f3lo 1.0 por ciento. Este es el dato m\u00e1s bajo desde el a\u00f1o 2020, cuando la pandemia de COVID-19 provoc\u00f3 una contracci\u00f3n del mercado laboral\u201d.<\/p>\n<\/blockquote>\n\n\n\n<p>Destac\u00f3 la cifra de generaci\u00f3n de empleo formal que se encuentra muy lejos del promedio de los \u00faltimos 10 a\u00f1os, que supera los 519 mil empleos anuales, y a\u00fan m\u00e1s distante de 1.2 millones de puestos que se requieren para absorber la demanda laboral.<\/p>\n\n\n\n<p>La Coparmex, se\u00f1al\u00f3 que:<\/p>\n\n\n\n<blockquote class=\"wp-block-quote is-layout-flow wp-block-quote-is-layout-flow\">\n<p>\u201cLa ca\u00edda en el empleo no es un fen\u00f3meno aislado sino el reflejo de una desaceleraci\u00f3n econ\u00f3mica que afecta especialmente a las Mipymes, las cuales enfrentan mayores costos laborales y operativos, junto con una falta de apoyos e incentivos gubernamentales\u201d.<\/p>\n<\/blockquote>\n\n\n\n<p>Advirti\u00f3 que estas condiciones limitan su capacidad para sostener o ampliar su plantilla laboral, lo que impacta directamente en la creaci\u00f3n de empleos formales.<\/p>\n\n\n\n<p>Adicionalmente, est\u00e1 la informalidad laboral:&nbsp;<\/p>\n\n\n\n<blockquote class=\"wp-block-quote is-layout-flow wp-block-quote-is-layout-flow\">\n<p>\u201cQue alcanz\u00f3 en noviembre de 2024 una tasa nacional de 54.5 por ciento, 0.5 puntos porcentuales m\u00e1s respecto al mes anterior\u201d.<\/p>\n<\/blockquote>\n\n\n\n<p>La informalidad, indic\u00f3, refleja la falta de condiciones adecuadas para que trabajadores y empresas migren hacia esquemas formales.<\/p>\n","protected":false},"excerpt":{"rendered":"<p>La Confederaci\u00f3n Patronal de la Rep\u00fablica Mexicana (Coparmex)&nbsp;dio a conocer a trav\u00e9s de un estudio que ve con preocupaci\u00f3n la p\u00e9rdida de empleos y el incremento en los trabajos formales. El documento indica que lamentan la p\u00e9rdida 405 mil 259 empleos formales registrada en diciembre pasado, la m\u00e1s alta para este mes en los \u00faltimos [&hellip;]<\/p>\n","protected":false},"author":2,"featured_media":136639,"comment_status":"open","ping_status":"open","sticky":false,"template":"","format":"standard","meta":{"footnotes":""},"categories":[55],"tags":[],"class_list":["post-136638","post","type-post","status-publish","format-standard","has-post-thumbnail","hentry","category-nacionales"],"_links":{"self":[{"href":"http:\/\/elcuartopoder.com.mx\/nw\/wp-json\/wp\/v2\/posts\/136638","targetHints":{"allow":["GET"]}}],"collection":[{"href":"http:\/\/elcuartopoder.com.mx\/nw\/wp-json\/wp\/v2\/posts"}],"about":[{"href":"http:\/\/elcuartopoder.com.mx\/nw\/wp-json\/wp\/v2\/types\/post"}],"author":[{"embeddable":true,"href":"http:\/\/elcuartopoder.com.mx\/nw\/wp-json\/wp\/v2\/users\/2"}],"replies":[{"embeddable":true,"href":"http:\/\/elcuartopoder.com.mx\/nw\/wp-json\/wp\/v2\/comments?post=136638"}],"version-history":[{"count":1,"href":"http:\/\/elcuartopoder.com.mx\/nw\/wp-json\/wp\/v2\/posts\/136638\/revisions"}],"predecessor-version":[{"id":136640,"href":"http:\/\/elcuartopoder.com.mx\/nw\/wp-json\/wp\/v2\/posts\/136638\/revisions\/136640"}],"wp:featuredmedia":[{"embeddable":true,"href":"http:\/\/elcuartopoder.com.mx\/nw\/wp-json\/wp\/v2\/media\/136639"}],"wp:attachment":[{"href":"http:\/\/elcuartopoder.com.mx\/nw\/wp-json\/wp\/v2\/media?parent=136638"}],"wp:term":[{"taxonomy":"category","embeddable":true,"href":"http:\/\/elcuartopoder.com.mx\/nw\/wp-json\/wp\/v2\/categories?post=136638"},{"taxonomy":"post_tag","embeddable":true,"href":"http:\/\/elcuartopoder.com.mx\/nw\/wp-json\/wp\/v2\/tags?post=136638"}],"curies":[{"name":"wp","href":"https:\/\/api.w.org\/{rel}","templated":true}]}}