{"id":136729,"date":"2025-01-13T16:12:31","date_gmt":"2025-01-13T21:12:31","guid":{"rendered":"https:\/\/elcuartopoder.com.mx\/nw\/?p=136729"},"modified":"2025-01-13T16:12:33","modified_gmt":"2025-01-13T21:12:33","slug":"el-pequeno-pais-europeo-que-tiene-cinco-veces-mas-turistas-que-habitantes","status":"publish","type":"post","link":"http:\/\/elcuartopoder.com.mx\/nw\/opinion\/el-pequeno-pais-europeo-que-tiene-cinco-veces-mas-turistas-que-habitantes\/","title":{"rendered":"El peque\u00f1o pa\u00eds europeo que tiene cinco veces m\u00e1s turistas que habitantes"},"content":{"rendered":"\n<p>Croacia acaba de anunciar sus &#8216;cuentas&#8217; tur\u00edsticas de 2024, un a\u00f1o de r\u00e9cord en el que ha recibido&nbsp;<strong>21,3 millones de visitantes<\/strong>, un 4% m\u00e1s que en 2023. Seg\u00fan el informe publicado por el Ministerio de Turismo y Deportes, el n\u00famero de pernoctaciones tambi\u00e9n creci\u00f3, alcanzando los 108,7 millones, un 1% m\u00e1s que en 2023.<\/p>\n\n\n\n<p>La cifra est\u00e1 muy lejos de los aproximadamente&nbsp;<strong>95 millones que han visitado Espa\u00f1a<\/strong>&nbsp;(88,5 millones en los once primeros meses), pero en proporci\u00f3n con el n\u00famero de habitantes el dato llama la atenci\u00f3n. En Croacia tiene 3.861.967 habitantes, seg\u00fan Eurostat.<\/p>\n\n\n\n<p>La mayor parte de las pernoctaciones se registraron a lo largo de la&nbsp;<strong>costa del Adri\u00e1tico<\/strong>, que acumul\u00f3 103,3 millones de noches. No obstante, el turismo en las regiones del interior tambi\u00e9n experiment\u00f3 un notable incremento del 5%. La capital, Zagreb, destac\u00f3 particularmente al registrar un aumento del 6% en las pernoctaciones, alcanzando un total de 2,7 millones.<\/p>\n\n\n\n<p>El ministro de Turismo y Deportes, Ton\u010di Glavina, celebr\u00f3 estos resultados, se\u00f1alando que 2024 ha sido un a\u00f1o r\u00e9cord en todos los par\u00e1metros tur\u00edsticos. \u00abPodemos estar muy satisfechos con los resultados logrados, incluyendo los indicadores financieros, porque hemos tenido otro a\u00f1o hist\u00f3rico\u00bb, afirm\u00f3 Glavina en un comunicado.<br><br>Dubrovnik, donde viven poco m\u00e1s de 40.000 personas, recibi\u00f3 1,2 millones de visitantes en 2023&#8230; sin contar los pasajeros de cruceros.&nbsp;<strong>Dubrovnik<\/strong>&nbsp;ha disfrutado y padecido el \u00e9xito internacional de Juego de Tronos (la ciudad amurallada fue Desembarco del Rey) y en verano llegaron a contarse 15.000 turistas al d\u00eda. En los \u00faltimos a\u00f1os el Ayuntamiento ha tomado diferentes medidas como reducir el n\u00famero de cruceros por d\u00eda, prohibir nuevos permisos de pisos de alquiler en el casco antiguo o instalar c\u00e1maras para contar el n\u00famero de turistas.<\/p>\n\n\n\n<p>Croacia sigue siendo no obstante un destino apetecible para las navieras y para los turistas. Por sus puertos pasaron algo m\u00e1s de un mill\u00f3n de personas en los once primeros meses de 2024. Dubrovnik, Split, Zadar y Hvar fueron, en ese orden, los destinos preferidos.<\/p>\n\n\n\n<p>Por zonas, el mayor n\u00famero de pernoctaciones se registra en la&nbsp;<strong>pen\u00ednsula de Istria<\/strong>, en el condado de Split-Dalmacia y en las islas Kvarner. En cuanto a destinos destacan Dubrovnik, Rovinj (en la pen\u00ednsula de Istria), Zagreb,&nbsp;<a href=\"https:\/\/www.abc.es\/viajar\/destinos\/europa\/asombroso-palacio-diocleciano-emperador-romano-fallecio-muerte-20231101112619-nt.html\">Split<\/a>&nbsp;(donde hay un creciente movimiento contra el turismo excesivo), Pore\u010d, Umag y Zadar.<\/p>\n\n\n\n<p>El ministro Glavina cree sin embargo que Croacia est\u00e1 consiguiendo llevar turistas a otros lugares menos conocidos y extender la temporada m\u00e1s all\u00e1 del verano. El crecimiento m\u00e1s significativo -dijo- se produjo en los per\u00edodos de pretemporada y postemporada, lo que demuestra que \u00abnos estamos convirtiendo en un destino tur\u00edstico durante todo el a\u00f1o\u00bb.<\/p>\n\n\n\n<p>Croacia forma parte del<strong>&nbsp;espacio Schengen<\/strong>&nbsp;(\u00e1rea de libre circulaci\u00f3n que comprende a 29 pa\u00edses europeos) y de la zona euro desde el 1 de enero de 2023, lo que sin duda ha ayudado a aumentar el n\u00famero de visitantes.<\/p>\n","protected":false},"excerpt":{"rendered":"<p>Croacia acaba de anunciar sus &#8216;cuentas&#8217; tur\u00edsticas de 2024, un a\u00f1o de r\u00e9cord en el que ha recibido&nbsp;21,3 millones de visitantes, un 4% m\u00e1s que en 2023. Seg\u00fan el informe publicado por el Ministerio de Turismo y Deportes, el n\u00famero de pernoctaciones tambi\u00e9n creci\u00f3, alcanzando los 108,7 millones, un 1% m\u00e1s que en 2023. La [&hellip;]<\/p>\n","protected":false},"author":2,"featured_media":136730,"comment_status":"open","ping_status":"open","sticky":false,"template":"","format":"standard","meta":{"footnotes":""},"categories":[62],"tags":[],"class_list":["post-136729","post","type-post","status-publish","format-standard","has-post-thumbnail","hentry","category-opinion"],"_links":{"self":[{"href":"http:\/\/elcuartopoder.com.mx\/nw\/wp-json\/wp\/v2\/posts\/136729","targetHints":{"allow":["GET"]}}],"collection":[{"href":"http:\/\/elcuartopoder.com.mx\/nw\/wp-json\/wp\/v2\/posts"}],"about":[{"href":"http:\/\/elcuartopoder.com.mx\/nw\/wp-json\/wp\/v2\/types\/post"}],"author":[{"embeddable":true,"href":"http:\/\/elcuartopoder.com.mx\/nw\/wp-json\/wp\/v2\/users\/2"}],"replies":[{"embeddable":true,"href":"http:\/\/elcuartopoder.com.mx\/nw\/wp-json\/wp\/v2\/comments?post=136729"}],"version-history":[{"count":1,"href":"http:\/\/elcuartopoder.com.mx\/nw\/wp-json\/wp\/v2\/posts\/136729\/revisions"}],"predecessor-version":[{"id":136731,"href":"http:\/\/elcuartopoder.com.mx\/nw\/wp-json\/wp\/v2\/posts\/136729\/revisions\/136731"}],"wp:featuredmedia":[{"embeddable":true,"href":"http:\/\/elcuartopoder.com.mx\/nw\/wp-json\/wp\/v2\/media\/136730"}],"wp:attachment":[{"href":"http:\/\/elcuartopoder.com.mx\/nw\/wp-json\/wp\/v2\/media?parent=136729"}],"wp:term":[{"taxonomy":"category","embeddable":true,"href":"http:\/\/elcuartopoder.com.mx\/nw\/wp-json\/wp\/v2\/categories?post=136729"},{"taxonomy":"post_tag","embeddable":true,"href":"http:\/\/elcuartopoder.com.mx\/nw\/wp-json\/wp\/v2\/tags?post=136729"}],"curies":[{"name":"wp","href":"https:\/\/api.w.org\/{rel}","templated":true}]}}