{"id":136854,"date":"2025-01-15T16:18:27","date_gmt":"2025-01-15T21:18:27","guid":{"rendered":"https:\/\/elcuartopoder.com.mx\/nw\/?p=136854"},"modified":"2025-01-15T16:18:29","modified_gmt":"2025-01-15T21:18:29","slug":"arrancan-entrevistas-a-aspirantes-a-juzgadores-en-eleccion-judicial-2025","status":"publish","type":"post","link":"http:\/\/elcuartopoder.com.mx\/nw\/nacionales\/arrancan-entrevistas-a-aspirantes-a-juzgadores-en-eleccion-judicial-2025\/","title":{"rendered":"Arrancan entrevistas a aspirantes a juzgadores en elecci\u00f3n judicial 2025"},"content":{"rendered":"\n<p>El Comit\u00e9 de Evaluaci\u00f3n del&nbsp;<strong><a href=\"https:\/\/heraldodemexico.com.mx\/nacional\/2025\/1\/13\/advierte-lenia-batres-sobre-riesgos-de-suspension-de-trabajos-del-comite-del-pjf-668079.html\" target=\"_blank\" rel=\"noreferrer noopener\">Poder Legislativo<\/a>&nbsp;<\/strong>arranc\u00f3 las entrevistas a los aspirantes a ministros, jueces y magistrados de cara a la elecci\u00f3n judicial del primer domingo de junio.&nbsp;<\/p>\n\n\n\n<p>Mas de cinco mil aspirantes est\u00e1n llamados a comparecer a partir de hoy y podr\u00eda ser de manera virtual o presencial en la sede de la&nbsp;<strong>Antigua Casona de Xicot\u00e9ncatl&nbsp;<\/strong>en el Centro Hist\u00f3rico de la&nbsp;<a href=\"https:\/\/heraldodemexico.com.mx\/economia\/2025\/1\/14\/ofrecen-empleo-como-guardia-de-spf-con-sueldo-de-12000-pesos-al-mes-solo-necesitas-la-secundaria-668301.html\" target=\"_blank\" rel=\"noreferrer noopener\"><strong>Ciudad de M\u00e9xico.&nbsp;<\/strong><\/a><\/p>\n\n\n\n<p>Cada aspirante tiene hasta 12 minutos para responder preguntas de los integrantes del Comit\u00e9 de Evaluaci\u00f3n, por lo que ser\u00e1n varios d\u00edas en los que se estar\u00e1 realizando esta actividad.&nbsp;<\/p>\n\n\n\n<p>En tanto, las entrevistas virtuales se realizar\u00e1n a trav\u00e9s de una&nbsp;<strong>plataforma segura<\/strong>, con acceso exclusivo para los comisionados del Comit\u00e9 y los aspirantes.<\/p>\n\n\n\n<h2 class=\"wp-block-heading\">Proceso de entrevistas ser\u00e1n presenciales, detallan integrantes de Comit\u00e9<\/h2>\n\n\n\n<figure class=\"wp-block-image\"><img decoding=\"async\" src=\"https:\/\/heraldodemexico.com.mx\/u\/fotografias\/m\/2025\/1\/14\/f768x1-1070676_1070803_5050.jpg\" alt=\"\"\/><\/figure>\n\n\n\n<p>Al respecto, Ana Patricia Brise\u00f1o, una de las integrantes del Comit\u00e9 de Evaluaci\u00f3n del Legislativo detall\u00f3 que para los aspirantes a ministros de la<strong>&nbsp;Suprema Corte de Justicia de la Naci\u00f3n (SCJN)<\/strong>&nbsp;las entrevistas ser\u00e1n obligatoriamente presenciales.&nbsp;<\/p>\n\n\n\n<p>Despu\u00e9s de concluir esta etapa de entrevistas ser\u00e1n realizar\u00e1 un listado con los aspirantes mejor evaluados y ser\u00e1 enviado al&nbsp;<strong>Senado de la Rep\u00fablica&nbsp;<\/strong>para comenzar con la insaculaci\u00f3n.&nbsp;<\/p>\n\n\n\n<p>El cinco de febrero se realizar\u00e1 la t\u00f3mbola para la insaculaci\u00f3n de los aspirantes que ser\u00e1n candidatos a los cargos de juzgadores y puedan hacer campa\u00f1a.&nbsp;<\/p>\n\n\n\n<p>El Comit\u00e9 de Evaluaci\u00f3n del Poder Legislativo, integrado por Ana Patricia Brise\u00f1o Torres,&nbsp;<strong>Andr\u00e9s Norberto Garc\u00eda Repper Favila<\/strong>, Maribel Concepci\u00f3n M\u00e9ndez de Lara, Maday Merino Dami\u00e1n y Mar\u00eda Gabriela S\u00e1nchez Garc\u00eda, estar\u00e1n informando sobre los primeros entrevistados&nbsp;<\/p>\n\n\n\n<p>Tambi\u00e9n han informado que &nbsp;garantizan y privilegian la imparcialidad y objetividad en la toma de decisiones.<\/p>\n\n\n\n<p>Las actividades concluir\u00e1n a principios de febrero de 2025, lo que marca un nuevo cap\u00edtulo en la historia del sistema judicial en M\u00e9xico.<\/p>\n","protected":false},"excerpt":{"rendered":"<p>El Comit\u00e9 de Evaluaci\u00f3n del&nbsp;Poder Legislativo&nbsp;arranc\u00f3 las entrevistas a los aspirantes a ministros, jueces y magistrados de cara a la elecci\u00f3n judicial del primer domingo de junio.&nbsp; Mas de cinco mil aspirantes est\u00e1n llamados a comparecer a partir de hoy y podr\u00eda ser de manera virtual o presencial en la sede de la&nbsp;Antigua Casona de [&hellip;]<\/p>\n","protected":false},"author":2,"featured_media":136855,"comment_status":"open","ping_status":"open","sticky":false,"template":"","format":"standard","meta":{"footnotes":""},"categories":[55],"tags":[],"class_list":["post-136854","post","type-post","status-publish","format-standard","has-post-thumbnail","hentry","category-nacionales"],"_links":{"self":[{"href":"http:\/\/elcuartopoder.com.mx\/nw\/wp-json\/wp\/v2\/posts\/136854","targetHints":{"allow":["GET"]}}],"collection":[{"href":"http:\/\/elcuartopoder.com.mx\/nw\/wp-json\/wp\/v2\/posts"}],"about":[{"href":"http:\/\/elcuartopoder.com.mx\/nw\/wp-json\/wp\/v2\/types\/post"}],"author":[{"embeddable":true,"href":"http:\/\/elcuartopoder.com.mx\/nw\/wp-json\/wp\/v2\/users\/2"}],"replies":[{"embeddable":true,"href":"http:\/\/elcuartopoder.com.mx\/nw\/wp-json\/wp\/v2\/comments?post=136854"}],"version-history":[{"count":1,"href":"http:\/\/elcuartopoder.com.mx\/nw\/wp-json\/wp\/v2\/posts\/136854\/revisions"}],"predecessor-version":[{"id":136856,"href":"http:\/\/elcuartopoder.com.mx\/nw\/wp-json\/wp\/v2\/posts\/136854\/revisions\/136856"}],"wp:featuredmedia":[{"embeddable":true,"href":"http:\/\/elcuartopoder.com.mx\/nw\/wp-json\/wp\/v2\/media\/136855"}],"wp:attachment":[{"href":"http:\/\/elcuartopoder.com.mx\/nw\/wp-json\/wp\/v2\/media?parent=136854"}],"wp:term":[{"taxonomy":"category","embeddable":true,"href":"http:\/\/elcuartopoder.com.mx\/nw\/wp-json\/wp\/v2\/categories?post=136854"},{"taxonomy":"post_tag","embeddable":true,"href":"http:\/\/elcuartopoder.com.mx\/nw\/wp-json\/wp\/v2\/tags?post=136854"}],"curies":[{"name":"wp","href":"https:\/\/api.w.org\/{rel}","templated":true}]}}