{"id":136864,"date":"2025-01-16T09:30:32","date_gmt":"2025-01-16T14:30:32","guid":{"rendered":"https:\/\/elcuartopoder.com.mx\/nw\/?p=136864"},"modified":"2025-01-16T09:30:34","modified_gmt":"2025-01-16T14:30:34","slug":"el-ahijado-de-hitler-que-se-escondio-en-el-congo-y-vivio-en-el-anonimato-como-sacerdote-guarde-silencio-por-miedo","status":"publish","type":"post","link":"http:\/\/elcuartopoder.com.mx\/nw\/varios\/el-ahijado-de-hitler-que-se-escondio-en-el-congo-y-vivio-en-el-anonimato-como-sacerdote-guarde-silencio-por-miedo\/","title":{"rendered":"El ahijado de Hitler que se escondi\u00f3 en el Congo y vivi\u00f3 en el anonimato como sacerdote: \u00abGuard\u00e9 silencio por miedo\u00bb"},"content":{"rendered":"\n<p>\u00abCuando era ni\u00f1o, nadie me hablaba de \u00e9l. Sab\u00eda que estaba en la c\u00e1rcel, pero ignoraba m\u00e1s detalles. Mi madre nunca me facilitaba el menor dato, aunque siempre respond\u00eda a mis preguntas. Sol\u00eda decirme: &#8216;Tu padre quiere que as\u00ed sea&#8217;. Recuerdo los d\u00edas de los&nbsp;<a href=\"https:\/\/www.abc.es\/historia\/alcohol-sexo-mentiras-nuremberg-trapos-suicidios-juicio-20240521145538-nt.html\">juicios de N\u00faremberg<\/a>&nbsp;en 1945 y 1946, en los que mi padre siempre se neg\u00f3 a recibirnos. Despu\u00e9s ingres\u00e9 en la escuela y me dediqu\u00e9 a mis estudios. A los 12 a\u00f1os empec\u00e9 a pensar lo magn\u00edfico que ser\u00eda contar con la presencia de un padre, pero lo cierto es que no lo hab\u00eda perdido, porque nunca lo conoc\u00ed, en realidad, a pesar de que, en sus cartas, siempre me diera alg\u00fan consejo\u00bb.<\/p>\n\n\n\n<p><a href=\"https:\/\/www.abc.es\/archivo\/abci-intimidades-rudolf-hess-soledad-spandau-reveladas-hijo-abc-honesto-202105170026_noticia.html\">Wolf Rudiger Hess<\/a>&nbsp;respond\u00eda as\u00ed de sincero a&nbsp;<a href=\"https:\/\/www.abc.es\/archivo\/periodicos\/blanco-negro-19731110-102.html\">ABC en 1973<\/a>, y no deb\u00eda ser f\u00e1cil, porque hablaba de nada menos que Rudolf Hess, su padre, el colaborador m\u00e1s cercano de Hitler, el \u00fanico hombre con quien el todopoderoso dictador nazi se permit\u00eda muestras de afecto en p\u00fablico. No es el \u00fanico caso. Conocemos la historia de muchos de los hijos de los criminales del Tercer Reich. Una historia atravesada por el dolor, la verg\u00fcenza y la obligaci\u00f3n de rendir cuentas por las atrocidades que ellos no cometieron.<\/p>\n\n\n\n<p>Solo unos pocos defendieron a sus padres o intentaron exculparlos por lo que hicieron. Una de ellas fue Gudrun Burwitz, hija de\u00a0<a href=\"https:\/\/www.abc.es\/historia\/abci-himmler-vergonzosos-secretos-y-humillante-muerte-acolito-hitler-202006120140_noticia.html\">Heinrich Himmler<\/a>, el arquitecto del Holocausto y funcionario de m\u00e1s alto rango del Tercer Reich despu\u00e9s de Hitler. Gudrun, a la que llamaban la \u00abpr\u00edncisa nazi\u00bb, muri\u00f3 en 2018 a los 88 a\u00f1os, tras una vida en la que se mostr\u00f3 fiel a su padre y a los postulados del nacionalsocialismo hasta el final. Aunque visit\u00f3 un campo de concentraci\u00f3n cuando era ni\u00f1a, a lo largo de su vida neg\u00f3 que la existencia del Holocausto y hasta proporcion\u00f3 dinero y consuelo a los nazis condenados o sospechosos de cr\u00edmenes de guerra.<br><br>La mayor\u00eda, sin embargo, trataron de pasar desapercibidos y que no los relacionaran con sus padre tras la Segunda Guerra Mundial. Algunos, incluso, se cambiaron de apellido. Otros los juzgaron sin clemencia. Edda G\u00f6ring, Rolf Mengele, Brigitte H\u00f6ss, Albert Speer hijo y, entre otros, Niklas Frank, hijo de Hans Frank, el Carnicero de Polonia. Este \u00faltimo conden\u00f3 a su padre y sus actuaciones criminales a trav\u00e9s de una serie de libros y conferencias. : \u00abYa no lo odio. Solo lo desprecio\u00bb, declar\u00f3. Durante a\u00f1os, incluso, llev\u00f3 en su cartera la foto de su padre ejecutado en la horca: \u00abMe satisface la foto: est\u00e1 muerto. Ya no puede hacer da\u00f1o\u00bb.<br><br>Martin Adolf Bormann<\/p>\n\n\n\n<p>Voluntaria o involuntariamente, todos alcanzaron cierta repercusi\u00f3n, pero hubo que consigui\u00f3 pasar desapercibido durante d\u00e9cadas y que no solo cambi\u00f3 su apellido, sino que se ocult\u00f3 bajo una nueva identidad completamente nueva: Martin Adolf Bormann. Su padre era Martin Bormann, secretario particular de Hitler, y naci\u00f3 en el estado de Baviera en 1930, tres a\u00f1os antes de que Hitler accediera al poder y la historia de Europa cambiara para siempre. A diferencia de los otros hijos de jerarcas nazis, el estigma de \u00e9l era a\u00fan mayor, puesto que el futuro dictador accedi\u00f3 a ser su padrino.<\/p>\n\n\n\n<p>Como no pod\u00eda ser de otra manera, el joven Martin \u2013cuyo padre le puso de segundo nombre Adolf para honrar al lider del Partido Nazi\u2013 fue enviado a un internado y creci\u00f3 dentro de la estricta educaci\u00f3n nazi. Cuando finaliz\u00f3 la Segunda Guerra Mundial ten\u00eda solo 15 a\u00f1os. Sin embargo, se enter\u00f3 de la decisiva participaci\u00f3n de su padre en la Soluci\u00f3n Final y eligi\u00f3 vivir en el anonimato. A continuaci\u00f3n fue acogido por una familia cat\u00f3lica y rural. Se puede decir, por lo tanto, que encontr\u00f3 su salvaci\u00f3n en Dios.<\/p>\n\n\n\n<p>Martin Adolf abraz\u00f3 con todas sus fuerzas el cristianismo, la misma religi\u00f3n a la que su padre en particular, y su familia en general, hab\u00eda combatido encarnizadamente. Hitler, de hecho, orden\u00f3 escribir una &#8216;Biblia&#8217; propia, durante la Segunda Guerra Mundial, con el objetivo de fundar su propia religi\u00f3n y erradicar cualquier referencia no solo de los jud\u00edos, sino tambi\u00e9n de los cristianos. En este su &#8216;libro sagrado&#8217; volc\u00f3 el mismo odio visceral que en &#8216;Mein Kampf&#8217; (&#8216;Mi lucha&#8217;).<\/p>\n\n\n\n<h3 class=\"wp-block-heading\">Contra los cristianos<\/h3>\n\n\n\n<p>El encargado de este trabajo fue un grupo de te\u00f3logos evang\u00e9licos de la ciudad de Eisenach, seg\u00fan cuenta Jes\u00fas Hern\u00e1ndez en &#8216;100 historias secretas de la Segunda Guerra Mundial&#8217; (Tempus, 2009). La versi\u00f3n nazi de la &#8216;Biblia&#8217; se titul\u00f3&nbsp;<a href=\"https:\/\/www.abc.es\/historia\/unico-ejemplar-existe-extrana-biblia-hitler-quiso-20250110140219-nt.html\">&#8216;Los alemanes con Dios. Un libro de fe alem\u00e1n&#8217;<\/a>. En ella se desarrollaron las leyes y los principios que deb\u00edan guiar el esp\u00edritu germano bajo el nacionalsocialismo que se hab\u00eda instaurado en 1933. Adem\u00e1s, los mismos expertos que se encargaron de su redacci\u00f3n publicaron tambi\u00e9n un volumen de cantos religiosos: &#8216;Gran Dios, nosotros te alabamos&#8217;. Este trabajo de limpieza entusiasm\u00f3 al &#8216;F\u00fchrer&#8217;, que mand\u00f3 imprimir 100.000 copias y repartirlas a m\u00e1s de un millar de iglesias alemanas en 1941.<\/p>\n\n\n\n<p>En 1926, ya hab\u00eda escrito&nbsp;<a href=\"https:\/\/www.abc.es\/historia\/abci-retorcido-relato-goebbels-sobre-guerra-civil-alemania-nazi-esta-espana-maldita-preocupa-201906140150_noticia.html\">Joseph Goebbels<\/a>&nbsp;en su diario que \u00abel nacionalsocialismo es una religi\u00f3n, solo falta el genio religioso que rompa las viejas f\u00f3rmulas y cree otras nuevas. Nos falta el rito. El nacionalsocialismo se tiene que convertir en la religi\u00f3n oficial de los alemanes. Mi partido es mi iglesia\u00bb. Y en agosto de 1933, poco meses despu\u00e9s de ser nombrado ministro de Propaganda, concret\u00f3 a\u00fan m\u00e1s el objetivo: \u00abHay que ser duro contra las iglesias. Nosotros mismos nos convertiremos en una\u00bb.<\/p>\n\n\n\n<p>El camino no iba a ser f\u00e1cil, pues m\u00e1s all\u00e1 de ese 1% de jud\u00edos, lo cierto es que la pr\u00e1ctica totalidad de los 60 millones de habitantes que ten\u00eda Alemania en ese momento eran cristianos, los cuales se divid\u00edan en 20 millones de cat\u00f3licos y 40 de protestantes, que los nazis optaron por perseguir, reprimir y, en la medida de los posible, convertir a la religi\u00f3n nazi por encima de la cat\u00f3lica. Por eso el camino escogido por el joven Martin Adolf no fue ni mucho menos f\u00e1cil, teniendo en cuenta la educaci\u00f3n recibida en casa.<\/p>\n\n\n\n<h3 class=\"wp-block-heading\">El ahijado<\/h3>\n\n\n\n<p>El &#8216;F\u00fchrer&#8217; quer\u00eda su propia Iglesia y comenz\u00f3 a presionar a los diferentes credos para que se apartaran de su camino. En 1935 detuvo a setecientos pastores confesionistas que hab\u00edan criticado desde sus p\u00falpitos la deriva del Gobierno nazi respecto a las religiones. Dos a\u00f1os despu\u00e9s, cuando el Vaticano conden\u00f3 abiertamente el nacionalsocialismo en la enc\u00edclica de P\u00edo XI, &#8216;Con ardiente preocupaci\u00f3n&#8217;, la Gestapo confisc\u00f3 casi todas las copias. Y en la Segunda Guerra Mundial, precisamente el padre de Martin Adolf, el temido Martin Bormann, se qued\u00f3 en solitario con las cr\u00edticas: \u00abNunca debemos permitir que las [otras] iglesias vuelvan a tener influencia sobre la direcci\u00f3n del pueblo\u00bb, dijo en 1941.<\/p>\n\n\n\n<p>El ahijado de Hitler intent\u00f3 comprender la aversi\u00f3n de su padre y su padrino por la&nbsp;<a href=\"https:\/\/www.abc.es\/historia\/revelaciones-archivo-secreto-vaticano-sobre-verdadera-relacion-20241207040608-nt.html\">Iglesia cat\u00f3lica<\/a>, pero no fue capaz. En 1947 decidi\u00f3 bautizarse y, en 1958, tras estudiar con los jesuitas, se orden\u00f3 sacerdote. Su labor a favor del que hab\u00eda sido uno de los grandes enemigos del nazismo fue m\u00e1s all\u00e1 y, en 1961, parti\u00f3 como misionero cat\u00f3lico al Congo, donde permaneci\u00f3 muchos a\u00f1os en el m\u00e1s absoluto anonimato, oculto y avergonzado por su pasado familiar. All\u00ed, incluso, fue torturado y sometido a simulacros de ejecuci\u00f3n, pero no revel\u00f3 qui\u00e9n era su progenitor y el papel que hab\u00eda jugado en la guerra m\u00e1s devastadora de la historia.<\/p>\n\n\n\n<p>\u00abNo odio a mi padre. Aprend\u00ed a diferenciar entre el individuo y el pol\u00edtico y oficial nazi\u00bb, se justific\u00f3 con el tiempo, quiz\u00e1 movido por una religi\u00f3n cat\u00f3lica que ense\u00f1aba a sus fieles a perdonar. Cuando cumpli\u00f3 70 a\u00f1os, el sacerdote acept\u00f3 ser entrevistado por una periodista que dio con su paradero y que estuvo insistiendo durante meses. Quer\u00eda hablar de su vida en el anonimato y del suicidio de su padre cuando, al final de la guerra, fue condenado a muerte en los Juicios de Nuremberg. En la charla, Martin Adolf reconoci\u00f3 que su progenitor encarnaba \u00abla imagen del mal, de lo inmoral, de lo brutal\u00bb.<\/p>\n\n\n\n<h3 class=\"wp-block-heading\">L\u00e1gimas<\/h3>\n\n\n\n<p>Sin embargo, al final de la entrevista, extrajo papel viejo y doblado en cuatro de su billetera. Los bordes amarillos y deshilachados reflejaban el paso del tiempo. Martin Adolf lo despleg\u00f3 y le mostr\u00f3 al periodista lo que hab\u00eda escrito en \u00e9l con una caligraf\u00eda armoniosa y firme: \u00abHijo de mi coraz\u00f3n. Ojal\u00e1 te pueda volver a ver muy pronto. Pap\u00e1\u00bb. La nota estaba fechada en 1943, m\u00e1s de medio siglo despu\u00e9s, pero segu\u00eda conmoviendo al sacerdote. Antes de marcharse, levant\u00f3 la cabeza y dej\u00f3 ver sus l\u00e1grimas. Y se excus\u00f3: \u00abEnti\u00e9ndame. Esta es la imagen que yo tengo como hijo. Y no me la puedo quitar. Me opongo a perderla\u00bb.<\/p>\n\n\n\n<p>En 1971, ya de regreso en Alemania, Martin Adolf sufri\u00f3 un grave accidente de coche que estuvo a punto de costarle la vida. Cuando recuper\u00f3 la consciencia, se enamor\u00f3 de la religiosa que lo hab\u00eda cuidado durante su convalecencia. Ambos colgaron los h\u00e1bitos y se casaron. El ahijado de Hitler desarroll\u00f3 un gran trabajo como te\u00f3logo que fue reconocido en todo el pa\u00eds, pero la prensa segu\u00eda interes\u00e1ndose por su pasado familiar. \u00abTuve que guardar silencio por miedo justificado o injustificado a ser descubierto y perseguido como hijo de mi padre, y de que me acusaran de los cr\u00edmenes cometidos por el r\u00e9gimen nazi, cr\u00edmenes que conoc\u00ed despu\u00e9s. Con mis padres nunca tuve la oportunidad de hablar del pasado y de la responsabilidad que ellos tuvieron\u00bb.<\/p>\n\n\n\n<p>Falleci\u00f3 en Alemania en 2013, a los 82 a\u00f1os.<\/p>\n","protected":false},"excerpt":{"rendered":"<p>\u00abCuando era ni\u00f1o, nadie me hablaba de \u00e9l. Sab\u00eda que estaba en la c\u00e1rcel, pero ignoraba m\u00e1s detalles. Mi madre nunca me facilitaba el menor dato, aunque siempre respond\u00eda a mis preguntas. Sol\u00eda decirme: &#8216;Tu padre quiere que as\u00ed sea&#8217;. Recuerdo los d\u00edas de los&nbsp;juicios de N\u00faremberg&nbsp;en 1945 y 1946, en los que mi padre [&hellip;]<\/p>\n","protected":false},"author":2,"featured_media":136865,"comment_status":"open","ping_status":"open","sticky":false,"template":"","format":"standard","meta":{"footnotes":""},"categories":[64],"tags":[],"class_list":["post-136864","post","type-post","status-publish","format-standard","has-post-thumbnail","hentry","category-varios"],"_links":{"self":[{"href":"http:\/\/elcuartopoder.com.mx\/nw\/wp-json\/wp\/v2\/posts\/136864","targetHints":{"allow":["GET"]}}],"collection":[{"href":"http:\/\/elcuartopoder.com.mx\/nw\/wp-json\/wp\/v2\/posts"}],"about":[{"href":"http:\/\/elcuartopoder.com.mx\/nw\/wp-json\/wp\/v2\/types\/post"}],"author":[{"embeddable":true,"href":"http:\/\/elcuartopoder.com.mx\/nw\/wp-json\/wp\/v2\/users\/2"}],"replies":[{"embeddable":true,"href":"http:\/\/elcuartopoder.com.mx\/nw\/wp-json\/wp\/v2\/comments?post=136864"}],"version-history":[{"count":1,"href":"http:\/\/elcuartopoder.com.mx\/nw\/wp-json\/wp\/v2\/posts\/136864\/revisions"}],"predecessor-version":[{"id":136866,"href":"http:\/\/elcuartopoder.com.mx\/nw\/wp-json\/wp\/v2\/posts\/136864\/revisions\/136866"}],"wp:featuredmedia":[{"embeddable":true,"href":"http:\/\/elcuartopoder.com.mx\/nw\/wp-json\/wp\/v2\/media\/136865"}],"wp:attachment":[{"href":"http:\/\/elcuartopoder.com.mx\/nw\/wp-json\/wp\/v2\/media?parent=136864"}],"wp:term":[{"taxonomy":"category","embeddable":true,"href":"http:\/\/elcuartopoder.com.mx\/nw\/wp-json\/wp\/v2\/categories?post=136864"},{"taxonomy":"post_tag","embeddable":true,"href":"http:\/\/elcuartopoder.com.mx\/nw\/wp-json\/wp\/v2\/tags?post=136864"}],"curies":[{"name":"wp","href":"https:\/\/api.w.org\/{rel}","templated":true}]}}