{"id":136932,"date":"2025-01-17T10:08:22","date_gmt":"2025-01-17T15:08:22","guid":{"rendered":"https:\/\/elcuartopoder.com.mx\/nw\/?p=136932"},"modified":"2025-01-17T10:08:23","modified_gmt":"2025-01-17T15:08:23","slug":"el-exclusivo-hotel-alpino-en-el-que-fernando-alonso-pasa-sus-vacaciones-desde-2-495-euros-por-noche","status":"publish","type":"post","link":"http:\/\/elcuartopoder.com.mx\/nw\/entretenimiento\/deportes\/el-exclusivo-hotel-alpino-en-el-que-fernando-alonso-pasa-sus-vacaciones-desde-2-495-euros-por-noche\/","title":{"rendered":"El exclusivo hotel alpino en el que Fernando Alonso pasa sus vacaciones desde 2.495 euros por noche"},"content":{"rendered":"\n<p><a href=\"https:\/\/www.abc.es\/summum\/motor\/nuevo-hypercar-fernando-alonso-ford-valorado-millon-20250113092457-nt.html\">Fernando Alonso<\/a>\u00a0se encuentra disfrutando de unos d\u00edas de desconexi\u00f3n y deportes de nieve antes del\u00a0<strong>Gran Premio de Australia<\/strong>\u00a0que se celebrar\u00e1 el pr\u00f3ximo mes de marzo. Si hace unos d\u00edas ve\u00edamos al piloto conduciendo un exclusivo\u00a0<a href=\"https:\/\/www.abc.es\/summum\/motor\/nuevo-hypercar-fernando-alonso-ford-valorado-millon-20250113092457-nt.html\">hypercar por las calles de M\u00f3naco<\/a>, ahora Alonso ha compartido el exclusivo y paradis\u00edaco hotel que ha escogido para sus vacaciones en<strong>\u00a0plenos Alpes italianos.<\/strong><br><br>El asturiano ha elegido el\u00a0<strong>Granvara Relais &amp; SPA Hotel<\/strong>, un exclusivo refugio de monta\u00f1a en<strong>\u00a0Selva di Val Gardena<\/strong>, cuyas suites parten de los\u00a0<strong>2.495 euros<\/strong>\u00a0para el mes de enero o los<strong>\u00a02.850 euros<\/strong>\u00a0en el mes de febrero, un mes en el que la temporada de esqu\u00ed alcanza su c\u00faspide en un destino su\u00f1ado por los amantes de los deportes de nieve.<br><br>El alojamiento en cuesti\u00f3n se<strong>\u00a0trata de un cinco estrellas<\/strong>\u00a0que combina de una manera excepcional todo tipo de lujos y naturaleza, para ofrecer a sus hu\u00e9spedes el m\u00e1ximo de exclusividad en\u00a0<a href=\"https:\/\/www.abc.es\/summum\/motor\/nuevo-hypercar-fernando-alonso-ford-valorado-millon-20250113092457-nt.html\">plenos Dolomitas<\/a>. La tranquilidad reina aqu\u00ed, en el pueblo m\u00e1s alto de Val Gardena, a m\u00e1s de 1.600 metros sobre el nivel del mar.\u00a0<strong>Selva di Val Gardena<\/strong>\u00a0es uno de los destinos vacacionales m\u00e1s populares de los Alpes, un pueblo alpino que cuenta con todo tipo de actividades de nieve, apr\u00e8s-ski, eventos musicales y numerosas infraestructuras deportivas, pasando por exposiciones de arte y mercados de artesan\u00eda.<br><br>El piloto ha aprovechado adem\u00e1s para perfeccionar su t\u00e9cnica disfrutando de unas clases particulares de esqu\u00ed con los expertos de la\u00a0<strong>Ski &amp; Snowboard School 2000<\/strong>, una de las escuelas m\u00e1s prestigiosas de la regi\u00f3n. Las pistas de\u00a0<strong>Val Gardena<\/strong>, parte del famoso Dolomiti Superski, ofrecen m\u00e1s de 175 kil\u00f3metros esquiables.<br><br><strong>\u00abVacaciones en el para\u00edso\u00bb<\/strong>, escrib\u00eda el propio\u00a0<a href=\"https:\/\/www.abc.es\/summum\/motor\/nuevo-hypercar-fernando-alonso-ford-valorado-millon-20250113092457-nt.html\">Fernando Alonso<\/a>\u00a0en una de sus \u00faltimas publicaciones de Instagram donde ha compartido con sus seguidores algunas im\u00e1genes del exclusivo alojamiento. El\u00a0<strong>Granvara Relais &amp; SPA Hotel<\/strong>\u00a0abri\u00f3 sus puertas en 1971, cuenta con todo tipo de servicios enfocados a la nieve, una atractiva oferta gastron\u00f3mica, un balneario y una Infinity Sky Pool con vistas a las majestuosas monta\u00f1as de\u00a0<a href=\"https:\/\/www.abc.es\/viajar\/destinos\/europa\/abci-como-viajar-coche-europa-preguntas-y-respuestas-201807170200_noticia.html\">los Dolomitas<\/a>\u00a0(<strong>Patrimonio de la Humanidad por la UNESCO<\/strong>), uno de los principales atractivos. Adem\u00e1s, el spa incluye tratamientos exclusivos que utilizan productos naturales, ideales para la recuperaci\u00f3n despu\u00e9s de un d\u00eda en las pistas.<\/p>\n","protected":false},"excerpt":{"rendered":"<p>Fernando Alonso\u00a0se encuentra disfrutando de unos d\u00edas de desconexi\u00f3n y deportes de nieve antes del\u00a0Gran Premio de Australia\u00a0que se celebrar\u00e1 el pr\u00f3ximo mes de marzo. Si hace unos d\u00edas ve\u00edamos al piloto conduciendo un exclusivo\u00a0hypercar por las calles de M\u00f3naco, ahora Alonso ha compartido el exclusivo y paradis\u00edaco hotel que ha escogido para sus vacaciones [&hellip;]<\/p>\n","protected":false},"author":2,"featured_media":136933,"comment_status":"open","ping_status":"open","sticky":false,"template":"","format":"standard","meta":{"footnotes":""},"categories":[7],"tags":[],"class_list":["post-136932","post","type-post","status-publish","format-standard","has-post-thumbnail","hentry","category-deportes"],"_links":{"self":[{"href":"http:\/\/elcuartopoder.com.mx\/nw\/wp-json\/wp\/v2\/posts\/136932","targetHints":{"allow":["GET"]}}],"collection":[{"href":"http:\/\/elcuartopoder.com.mx\/nw\/wp-json\/wp\/v2\/posts"}],"about":[{"href":"http:\/\/elcuartopoder.com.mx\/nw\/wp-json\/wp\/v2\/types\/post"}],"author":[{"embeddable":true,"href":"http:\/\/elcuartopoder.com.mx\/nw\/wp-json\/wp\/v2\/users\/2"}],"replies":[{"embeddable":true,"href":"http:\/\/elcuartopoder.com.mx\/nw\/wp-json\/wp\/v2\/comments?post=136932"}],"version-history":[{"count":1,"href":"http:\/\/elcuartopoder.com.mx\/nw\/wp-json\/wp\/v2\/posts\/136932\/revisions"}],"predecessor-version":[{"id":136934,"href":"http:\/\/elcuartopoder.com.mx\/nw\/wp-json\/wp\/v2\/posts\/136932\/revisions\/136934"}],"wp:featuredmedia":[{"embeddable":true,"href":"http:\/\/elcuartopoder.com.mx\/nw\/wp-json\/wp\/v2\/media\/136933"}],"wp:attachment":[{"href":"http:\/\/elcuartopoder.com.mx\/nw\/wp-json\/wp\/v2\/media?parent=136932"}],"wp:term":[{"taxonomy":"category","embeddable":true,"href":"http:\/\/elcuartopoder.com.mx\/nw\/wp-json\/wp\/v2\/categories?post=136932"},{"taxonomy":"post_tag","embeddable":true,"href":"http:\/\/elcuartopoder.com.mx\/nw\/wp-json\/wp\/v2\/tags?post=136932"}],"curies":[{"name":"wp","href":"https:\/\/api.w.org\/{rel}","templated":true}]}}